{"id":13260,"date":"2025-08-04T10:00:54","date_gmt":"2025-08-04T08:00:54","guid":{"rendered":"https:\/\/www.kulturkreis-wachtendonk.de\/cms\/?p=13260"},"modified":"2025-08-04T11:29:47","modified_gmt":"2025-08-04T09:29:47","slug":"julian-huesken-ausstellung-im-alten-wasserwerk-02-08-2025","status":"publish","type":"post","link":"https:\/\/www.kulturkreis-wachtendonk.de\/cms\/julian-huesken-ausstellung-im-alten-wasserwerk-02-08-2025\/","title":{"rendered":"Julian H\u00fcsken \u2013 Ausstellung im Alten Wasserwerk 02.08.2025"},"content":{"rendered":"<p><center><a href=\"http:\/\/www.kulturkreis-wachtendonk.de\/cms\/wp-content\/uploads\/2025\/07\/kkw_juhu_25_001.jpg\"><img decoding=\"async\" class=\"alignnone size-thumbnail wp-image-13261\" src=\"http:\/\/www.kulturkreis-wachtendonk.de\/cms\/wp-content\/uploads\/2025\/07\/kkw_juhu_25_001-200x200.jpg\" alt=\"\" width=\"200\" height=\"200\" \/>\u00a0<\/a> <a href=\"http:\/\/www.kulturkreis-wachtendonk.de\/cms\/wp-content\/uploads\/2025\/07\/kkw_juhu_25_002.jpg\"><img decoding=\"async\" class=\"alignnone size-thumbnail wp-image-13262\" src=\"http:\/\/www.kulturkreis-wachtendonk.de\/cms\/wp-content\/uploads\/2025\/07\/kkw_juhu_25_002-200x200.jpg\" alt=\"\" width=\"200\" height=\"200\" \/>\u00a0<\/a> <a href=\"http:\/\/www.kulturkreis-wachtendonk.de\/cms\/wp-content\/uploads\/2025\/07\/kkw_juhu_25_003.jpg\"><img decoding=\"async\" class=\"alignnone size-thumbnail wp-image-13263\" src=\"http:\/\/www.kulturkreis-wachtendonk.de\/cms\/wp-content\/uploads\/2025\/07\/kkw_juhu_25_003-200x200.jpg\" alt=\"\" width=\"200\" height=\"200\" \/>\u00a0<\/a> <a href=\"http:\/\/www.kulturkreis-wachtendonk.de\/cms\/wp-content\/uploads\/2025\/07\/kkw_juhu_25_004.jpg\"><img loading=\"lazy\" decoding=\"async\" class=\"alignnone size-thumbnail wp-image-13264\" src=\"http:\/\/www.kulturkreis-wachtendonk.de\/cms\/wp-content\/uploads\/2025\/07\/kkw_juhu_25_004-200x200.jpg\" alt=\"\" width=\"200\" height=\"200\" \/><\/a><\/center><\/p>\n<p>Julian H\u00fcsken, alias yuelz, aufgewachsen\u00a0am Niederrhein, gepr\u00e4gt vom Puls\u00a0der Gro\u00dfst\u00e4dte, bringt seine Kunst\u00a0zur\u00fcck nach Hause. Am <strong>Samstag, 02. August\u00a02025<\/strong>, l\u00e4dt er ab 13 Uhr zu seiner\u00a0Ausstellung \u201eMeine Welt in Figuren\u201c im\u00a0Alten Wasserwerk Wachtendonk ein.\u00a0<\/p>\n<p>Seine Werke vereinen figurative\u00a0Kunst, Mixed Media und Contemporary\u00a0Art \u2013 durchzogen von leiser Melancholie\u00a0und urbaner Tiefe. Ein besonderer Tag voller Kunst bei H\u00e4ppchen und k\u00fchlen Getr\u00e4nken in einzigartiger Atmosph\u00e4re.<\/p>\n<p>In seinen Arbeiten verschmelzen klassische Techniken mit unkonventionellen Ans\u00e4tzen.\u00a0Was ihn antreibt, sind menschliche Emotionen, gesellschaftliche Spannungen und die Komplexit\u00e4t moderner Identit\u00e4ten. Figurative Elemente stehen im Zentrum seiner Kunst \u2013 roh, vielschichtig, manchmal unbequem.<\/p>\n<p>In seinen Bildwelten treffen Tiefgang und Oberfl\u00e4che, Struktur und Chaos aufeinander. Jeder Blick er\u00f6ffnet neue Perspektiven. Nichts bleibt statisch \u2013 alles ist in Bewegung.<\/p>\n","protected":false},"excerpt":{"rendered":"<p>\u00a0 \u00a0 \u00a0 Julian H\u00fcsken, alias yuelz, aufgewachsen\u00a0am Niederrhein, gepr\u00e4gt vom Puls\u00a0der Gro\u00dfst\u00e4dte, bringt seine Kunst\u00a0zur\u00fcck nach Hause. Am Samstag, 02. August\u00a02025, l\u00e4dt er ab 13 Uhr zu seiner\u00a0Ausstellung \u201eMeine Welt in Figuren\u201c im\u00a0Alten Wasserwerk Wachtendonk ein.\u00a0 Seine Werke vereinen figurative\u00a0Kunst, Mixed Media und Contemporary\u00a0Art \u2013 durchzogen von leiser Melancholie\u00a0und urbaner Tiefe. Ein besonderer Tag &#8230; <\/p>\n<p class=\"read-more-container\"><a title=\"Julian H\u00fcsken \u2013 Ausstellung im Alten Wasserwerk 02.08.2025\" class=\"read-more button\" href=\"https:\/\/www.kulturkreis-wachtendonk.de\/cms\/julian-huesken-ausstellung-im-alten-wasserwerk-02-08-2025\/#more-13260\" aria-label=\"Mehr Informationen \u00fcber Julian H\u00fcsken \u2013 Ausstellung im Alten Wasserwerk 02.08.2025\">Weiterlesen &#8230;<\/a><\/p>\n","protected":false},"author":4,"featured_media":0,"comment_status":"closed","ping_status":"closed","sticky":false,"template":"","format":"standard","meta":{"footnotes":""},"categories":[16],"tags":[],"class_list":["post-13260","post","type-post","status-publish","format-standard","hentry","category-veranstaltungsarchiv"],"_links":{"self":[{"href":"https:\/\/www.kulturkreis-wachtendonk.de\/cms\/wp-json\/wp\/v2\/posts\/13260","targetHints":{"allow":["GET"]}}],"collection":[{"href":"https:\/\/www.kulturkreis-wachtendonk.de\/cms\/wp-json\/wp\/v2\/posts"}],"about":[{"href":"https:\/\/www.kulturkreis-wachtendonk.de\/cms\/wp-json\/wp\/v2\/types\/post"}],"author":[{"embeddable":true,"href":"https:\/\/www.kulturkreis-wachtendonk.de\/cms\/wp-json\/wp\/v2\/users\/4"}],"replies":[{"embeddable":true,"href":"https:\/\/www.kulturkreis-wachtendonk.de\/cms\/wp-json\/wp\/v2\/comments?post=13260"}],"version-history":[{"count":5,"href":"https:\/\/www.kulturkreis-wachtendonk.de\/cms\/wp-json\/wp\/v2\/posts\/13260\/revisions"}],"predecessor-version":[{"id":13269,"href":"https:\/\/www.kulturkreis-wachtendonk.de\/cms\/wp-json\/wp\/v2\/posts\/13260\/revisions\/13269"}],"wp:attachment":[{"href":"https:\/\/www.kulturkreis-wachtendonk.de\/cms\/wp-json\/wp\/v2\/media?parent=13260"}],"wp:term":[{"taxonomy":"category","embeddable":true,"href":"https:\/\/www.kulturkreis-wachtendonk.de\/cms\/wp-json\/wp\/v2\/categories?post=13260"},{"taxonomy":"post_tag","embeddable":true,"href":"https:\/\/www.kulturkreis-wachtendonk.de\/cms\/wp-json\/wp\/v2\/tags?post=13260"}],"curies":[{"name":"wp","href":"https:\/\/api.w.org\/{rel}","templated":true}]}}