{"id":13192,"date":"2025-05-15T19:59:46","date_gmt":"2025-05-15T17:59:46","guid":{"rendered":"https:\/\/www.kulturkreis-wachtendonk.de\/cms\/?p=13192"},"modified":"2025-08-26T10:17:18","modified_gmt":"2025-08-26T08:17:18","slug":"klassik-an-der-burgruine-21-08-2025","status":"publish","type":"post","link":"https:\/\/www.kulturkreis-wachtendonk.de\/cms\/klassik-an-der-burgruine-21-08-2025\/","title":{"rendered":"Klassik an der Burgruine \u2022 21.08.2025"},"content":{"rendered":"<p><span style=\"color: #800000;\"><strong>Am Donnerstag, 21.08.2025, 20 Uhr gibt Fl\u00f6tistin Anna Katharina May um 20 Uhr ein kurzes Gastspiel.<br \/>\nAnschlie\u00dfend tritt ein Streichquartett der renommierten Duisburger Philharmoniker auf.<\/strong><\/span><\/p>\n<p><strong>Die Blockfl\u00f6te als Soloinstrument im Wandel der Zeit<\/strong><\/p>\n<p><a href=\"http:\/\/www.kulturkreis-wachtendonk.de\/cms\/wp-content\/uploads\/2025\/05\/Pressebild-1.jpeg\"><img decoding=\"async\" class=\"alignleft wp-image-13193 size-thumbnail\" src=\"http:\/\/www.kulturkreis-wachtendonk.de\/cms\/wp-content\/uploads\/2025\/05\/Pressebild-1-200x200.jpeg\" alt=\"Anna Katharina May\" width=\"200\" height=\"200\" \/><\/a> <a href=\"http:\/\/www.kulturkreis-wachtendonk.de\/cms\/wp-content\/uploads\/2025\/05\/Pressebild-2.jpeg\"><img decoding=\"async\" class=\"alignleft wp-image-13194 size-thumbnail\" src=\"http:\/\/www.kulturkreis-wachtendonk.de\/cms\/wp-content\/uploads\/2025\/05\/Pressebild-2-200x200.jpeg\" alt=\"Anna Katharina May\" width=\"200\" height=\"200\" srcset=\"https:\/\/www.kulturkreis-wachtendonk.de\/cms\/wp-content\/uploads\/2025\/05\/Pressebild-2-200x200.jpeg 200w, https:\/\/www.kulturkreis-wachtendonk.de\/cms\/wp-content\/uploads\/2025\/05\/Pressebild-2-300x300.jpeg 300w, https:\/\/www.kulturkreis-wachtendonk.de\/cms\/wp-content\/uploads\/2025\/05\/Pressebild-2-1024x1024.jpeg 1024w, https:\/\/www.kulturkreis-wachtendonk.de\/cms\/wp-content\/uploads\/2025\/05\/Pressebild-2-768x768.jpeg 768w, https:\/\/www.kulturkreis-wachtendonk.de\/cms\/wp-content\/uploads\/2025\/05\/Pressebild-2.jpeg 1280w\" sizes=\"(max-width: 200px) 100vw, 200px\" \/><\/a>Blockfl\u00f6ten sind seit dem Alter von 7 Jahren die st\u00e4ndigen Begleiter von Anna Katharina May. Nach dem Abitur lernte sie zun\u00e4chst Blockfl\u00f6tenbau, verfolgte w\u00e4hrenddessen jedoch stetig die musikalische Ausbildung am Instrument. Durch Unterricht und Workshops bei unterschiedlichen Lehrerinnen und Lehrern erwarb sie sich Kenntnisse und F\u00e4higkeiten, um ihren eigenen Stil auf der Blockfl\u00f6te zu entwickeln.<\/p>\n<p>Dies bedeutet f\u00fcr die Blockfl\u00f6tistin auch, nicht nur die geliebte Barockmusik zu spielen, welche gewisserma\u00dfen die popul\u00e4rste Epoche der Musikgeschichte f\u00fcr die Blockfl\u00f6te darstellt und welche sie mit dem Blockfl\u00f6tenensemble Amici di flauti, aber auch mit befreundeten Barockmusikern wie dem Lautenisten Maximiliano Y. Pacheco praktiziert. Dar\u00fcber hinaus experimentiert Anna Katharina May in verschiedensten anderen musikalischen Formationen, angefangen mit der Folkband Mayensp\u00eel, \u00fcber die Formation Wesen (Intuitive Klanglandschaften mit Gong, Klangschalen, Zungentrommel, Akustik-Gitarre und Blockfl\u00f6ten) bis hin zum punk-angehauchten Jazz-Impro-Ensemble FrUlDiAn (Schlagzeug, Keyboard, E-Gitarre, Blockfl\u00f6ten).<\/p>\n<p>Im Programm \u201cDie Blockfl\u00f6te als Soloinstrument im Wandel der Zeit\u201d m\u00f6chte Anna Katharina May die Vielfalt der Solo-Musik f\u00fcr Blockfl\u00f6te zeigen: Angefangen von den fr\u00fchbarocken virtuosen Variationen des Jacob van Eyck, welche er \u00fcber damals popul\u00e4re Melodien improvisierte, \u00fcber pr\u00e4chtige Barock-Fantasien von Georg Philipp Telemann bis hin zu zeitgen\u00f6ssischen expressiven Kompositionen f\u00fcr das vielseitige Instrument Blockfl\u00f6te.<br \/>\nLassen Sie sich von dieser Klangwelt begeistern!<\/p>\n<p><strong>Ein Streichquartett der Duisburger Philharmoniker<\/strong><\/p>\n<p><a href=\"http:\/\/www.kulturkreis-wachtendonk.de\/cms\/wp-content\/uploads\/2025\/05\/flory_pano.jpg\"><img fetchpriority=\"high\" decoding=\"async\" class=\"size-large wp-image-13195 alignnone\" src=\"http:\/\/www.kulturkreis-wachtendonk.de\/cms\/wp-content\/uploads\/2025\/05\/flory_pano-1024x216.jpg\" alt=\"\" width=\"1024\" height=\"216\" srcset=\"https:\/\/www.kulturkreis-wachtendonk.de\/cms\/wp-content\/uploads\/2025\/05\/flory_pano-1024x216.jpg 1024w, https:\/\/www.kulturkreis-wachtendonk.de\/cms\/wp-content\/uploads\/2025\/05\/flory_pano-300x63.jpg 300w, https:\/\/www.kulturkreis-wachtendonk.de\/cms\/wp-content\/uploads\/2025\/05\/flory_pano-768x162.jpg 768w, https:\/\/www.kulturkreis-wachtendonk.de\/cms\/wp-content\/uploads\/2025\/05\/flory_pano-1536x324.jpg 1536w, https:\/\/www.kulturkreis-wachtendonk.de\/cms\/wp-content\/uploads\/2025\/05\/flory_pano-1320x278.jpg 1320w, https:\/\/www.kulturkreis-wachtendonk.de\/cms\/wp-content\/uploads\/2025\/05\/flory_pano.jpg 1946w\" sizes=\"(max-width: 1024px) 100vw, 1024px\" \/><\/a><\/p>\n<p>Das Ensemble tritt auf in der Besetzung:<\/p>\n<p>1.Violine: Henry Flory<br \/>\n2.Violine: Peter Bonk<br \/>\nViola: Yuri Bondarev<br \/>\nVioloncello: Wolfgang Schindler<\/p>\n<p>Das Kammermusik-Konzert l\u00e4dt zu einer musikalischen Reise von den zeitlosen Klassikern Mozarts und Haydns bis zu den feurigen Rhythmen Astor Piazzollas ein. Genie\u00dfen Sie die einzigartige Atmosph\u00e4re der illuminierten Burgruine und lassen Sie sich von den Meisterwerken gro\u00dfer Komponisten verzaubern \u2013 ein Abend voller Emotionen, Virtuosit\u00e4t und musikalischer Vielfalt erwartet Sie.<\/p>\n","protected":false},"excerpt":{"rendered":"<p>Am Donnerstag, 21.08.2025, 20 Uhr gibt Fl\u00f6tistin Anna Katharina May um 20 Uhr ein kurzes Gastspiel. Anschlie\u00dfend tritt ein Streichquartett der renommierten Duisburger Philharmoniker auf. Die Blockfl\u00f6te als Soloinstrument im Wandel der Zeit Blockfl\u00f6ten sind seit dem Alter von 7 Jahren die st\u00e4ndigen Begleiter von Anna Katharina May. Nach dem Abitur lernte sie zun\u00e4chst Blockfl\u00f6tenbau, &#8230; <\/p>\n<p class=\"read-more-container\"><a title=\"Klassik an der Burgruine \u2022 21.08.2025\" class=\"read-more button\" href=\"https:\/\/www.kulturkreis-wachtendonk.de\/cms\/klassik-an-der-burgruine-21-08-2025\/#more-13192\" aria-label=\"Mehr Informationen \u00fcber Klassik an der Burgruine \u2022 21.08.2025\">Weiterlesen &#8230;<\/a><\/p>\n","protected":false},"author":4,"featured_media":0,"comment_status":"closed","ping_status":"closed","sticky":false,"template":"","format":"standard","meta":{"footnotes":""},"categories":[16],"tags":[],"class_list":["post-13192","post","type-post","status-publish","format-standard","hentry","category-veranstaltungsarchiv"],"_links":{"self":[{"href":"https:\/\/www.kulturkreis-wachtendonk.de\/cms\/wp-json\/wp\/v2\/posts\/13192","targetHints":{"allow":["GET"]}}],"collection":[{"href":"https:\/\/www.kulturkreis-wachtendonk.de\/cms\/wp-json\/wp\/v2\/posts"}],"about":[{"href":"https:\/\/www.kulturkreis-wachtendonk.de\/cms\/wp-json\/wp\/v2\/types\/post"}],"author":[{"embeddable":true,"href":"https:\/\/www.kulturkreis-wachtendonk.de\/cms\/wp-json\/wp\/v2\/users\/4"}],"replies":[{"embeddable":true,"href":"https:\/\/www.kulturkreis-wachtendonk.de\/cms\/wp-json\/wp\/v2\/comments?post=13192"}],"version-history":[{"count":11,"href":"https:\/\/www.kulturkreis-wachtendonk.de\/cms\/wp-json\/wp\/v2\/posts\/13192\/revisions"}],"predecessor-version":[{"id":13323,"href":"https:\/\/www.kulturkreis-wachtendonk.de\/cms\/wp-json\/wp\/v2\/posts\/13192\/revisions\/13323"}],"wp:attachment":[{"href":"https:\/\/www.kulturkreis-wachtendonk.de\/cms\/wp-json\/wp\/v2\/media?parent=13192"}],"wp:term":[{"taxonomy":"category","embeddable":true,"href":"https:\/\/www.kulturkreis-wachtendonk.de\/cms\/wp-json\/wp\/v2\/categories?post=13192"},{"taxonomy":"post_tag","embeddable":true,"href":"https:\/\/www.kulturkreis-wachtendonk.de\/cms\/wp-json\/wp\/v2\/tags?post=13192"}],"curies":[{"name":"wp","href":"https:\/\/api.w.org\/{rel}","templated":true}]}}