{"id":13172,"date":"2025-06-16T17:04:40","date_gmt":"2025-06-16T15:04:40","guid":{"rendered":"https:\/\/www.kulturkreis-wachtendonk.de\/cms\/?p=13172"},"modified":"2025-06-17T20:31:50","modified_gmt":"2025-06-17T18:31:50","slug":"kuenstlergruppe-die-runde-offenes-atelier-im-alten-wasserwerk-02-06-bis-15-06-2025","status":"publish","type":"post","link":"https:\/\/www.kulturkreis-wachtendonk.de\/cms\/kuenstlergruppe-die-runde-offenes-atelier-im-alten-wasserwerk-02-06-bis-15-06-2025\/","title":{"rendered":"K\u00fcnstlergruppe \u201edie rUNDe\u201c im Alten Wasserwerk \u2022 02.06. bis 15.06.2025"},"content":{"rendered":"\t\t<div data-elementor-type=\"wp-post\" data-elementor-id=\"13172\" class=\"elementor elementor-13172\">\n\t\t\t\t<div class=\"elementor-element elementor-element-fd20807 e-flex e-con-boxed e-con e-parent\" data-id=\"fd20807\" data-element_type=\"container\" data-e-type=\"container\">\n\t\t\t\t\t<div class=\"e-con-inner\">\n\t\t\t\t<div class=\"elementor-element elementor-element-9d01f7f elementor-widget elementor-widget-text-editor\" data-id=\"9d01f7f\" data-element_type=\"widget\" data-e-type=\"widget\" data-widget_type=\"text-editor.default\">\n\t\t\t\t<div class=\"elementor-widget-container\">\n\t\t\t\t\t\t\t\t\t<p><strong>Offenes Atelier im Alten Wasserwerk vom 02.06 bis 15.06.2025. Mit Werkschau am 14.06.2025 von 12 bis 18 Uhr<\/strong><\/p>\n<p><a href=\"https:\/\/www.kulturkreis-wachtendonk.de\/cms\/wp-content\/uploads\/2025\/05\/die_runde_01.jpg\"><img fetchpriority=\"high\" decoding=\"async\" class=\"alignleft wp-image-13175\" src=\"https:\/\/www.kulturkreis-wachtendonk.de\/cms\/wp-content\/uploads\/2025\/05\/die_runde_01-300x157.jpg\" alt=\"\" width=\"600\" height=\"314\" srcset=\"https:\/\/www.kulturkreis-wachtendonk.de\/cms\/wp-content\/uploads\/2025\/05\/die_runde_01-300x157.jpg 300w, https:\/\/www.kulturkreis-wachtendonk.de\/cms\/wp-content\/uploads\/2025\/05\/die_runde_01-1024x536.jpg 1024w, https:\/\/www.kulturkreis-wachtendonk.de\/cms\/wp-content\/uploads\/2025\/05\/die_runde_01-768x402.jpg 768w, https:\/\/www.kulturkreis-wachtendonk.de\/cms\/wp-content\/uploads\/2025\/05\/die_runde_01-1536x804.jpg 1536w, https:\/\/www.kulturkreis-wachtendonk.de\/cms\/wp-content\/uploads\/2025\/05\/die_runde_01-1320x691.jpg 1320w, https:\/\/www.kulturkreis-wachtendonk.de\/cms\/wp-content\/uploads\/2025\/05\/die_runde_01.jpg 1978w\" sizes=\"(max-width: 600px) 100vw, 600px\" \/><\/a><\/p>\n<p>6 K\u00fcnstlerInnen der insgesamt 11-k\u00f6pfigen Gruppe m\u00f6chten die vierzehn Tage dort nutzen, um zu arbeiten, zu experimentieren, sich auszutauschen. Besucher sind herzlich eingeladen, ihnen bei der Arbeit \u00fcber die Schulter zu schauen. Dies ist immer m\u00f6glich, wenn das Tor zum Wasserwerk ge\u00f6ffnet ist.<\/p>\n<p>Wer nicht vor verschlossenem Tor stehen m\u00f6chte, kann gerne vorher unter 0163-1787808 nachfragen.<\/p>\n<p>Zu einer abschlie\u00dfenden Werkschau am Samstag, 14.06., von 12 bis 18 Uhr wird herzlich eingeladen. Auch einzelne Werke der K\u00fcnstlerInnen, die in diesem Jahr nicht anwesend sind, werden gezeigt.<\/p>\n<p>Die K\u00fcnstlerInnen vor Ort: In ihren Bildern besch\u00e4ftigt <strong>Ilka Habrich<\/strong> sich mit Ph\u00e4nomenen der Natur, Mensch-Natur-Interaktionen und der menschlichen Spur in der Landschaft. Angesto\u00dfen von Eindr\u00fccken und dem Erleben der Welt wird diese Thematik in der Malerei kaum bis radikal abstrahiert. <strong>Carmen Kahn<\/strong> besch\u00e4ftigt sich bei ihrer Malerei und ihren Objekten mit dem freien lebendigen Spiel der Formen. <strong>Barbara Merkel<\/strong> ist schon immer an bildender Kunst interessiert. Seit 1995 setzt sie sich intensiv mit Techniken der Malerei auseinander. Zurzeit arbeitet sie mit gefundenen bzw. wiederverwendeten Materialien, die sie neu ordnet und zu malerischen Objekten zusammenstellt.<\/p>\n<p><strong>Karin Schneider-Rombach<\/strong> m\u00f6chte die gemeinsame Zeit, den gro\u00dfz\u00fcgigen Raum im und um das Alte Wasserwerk sowie Inspiration und Austausch in der Gruppe genie\u00dfen. Dabei k\u00f6nnen neben der Malerei auch andere Ausdrucksformen entdeckt werden und zum Tragen kommen. <strong>Alfons Thesing<\/strong> arbeitet intuitiv mit Holz und anderen Materialien. Es entstehen Skulpturen und Objekte. F\u00fcr <strong>Gerda Lipski<\/strong> steht in Wachtendonk eher der kreative Prozess an sich im Vordergrund. Sie m\u00f6chte spontan und offen in ihren Bildern auf kreative Impulse reagieren \u2013 \u00dcberraschungen nicht ausgeschlossen! Folgene K\u00fcnstlerinnen sind nicht pers\u00f6nlich anwesend: Ela Moonen, Bella Rasch, Monika Bergrath, Brittes Ates, Veli Ates.<\/p>\t\t\t\t\t\t\t\t<\/div>\n\t\t\t\t<\/div>\n\t\t\t\t\t<\/div>\n\t\t\t\t<\/div>\n\t\t\t\t<\/div>\n\t\t","protected":false},"excerpt":{"rendered":"<p>Offenes Atelier im Alten Wasserwerk vom 02.06 bis 15.06.2025. Mit Werkschau am 14.06.2025 von 12 bis 18 Uhr 6 K\u00fcnstlerInnen der insgesamt 11-k\u00f6pfigen Gruppe m\u00f6chten die vierzehn Tage dort nutzen, um zu arbeiten, zu experimentieren, sich auszutauschen. Besucher sind herzlich eingeladen, ihnen bei der Arbeit \u00fcber die Schulter zu schauen. Dies ist immer m\u00f6glich, wenn &#8230; <\/p>\n<p class=\"read-more-container\"><a title=\"K\u00fcnstlergruppe \u201edie rUNDe\u201c im Alten Wasserwerk \u2022 02.06. bis 15.06.2025\" class=\"read-more button\" href=\"https:\/\/www.kulturkreis-wachtendonk.de\/cms\/kuenstlergruppe-die-runde-offenes-atelier-im-alten-wasserwerk-02-06-bis-15-06-2025\/#more-13172\" aria-label=\"Mehr Informationen \u00fcber K\u00fcnstlergruppe \u201edie rUNDe\u201c im Alten Wasserwerk \u2022 02.06. bis 15.06.2025\">Weiterlesen &#8230;<\/a><\/p>\n","protected":false},"author":4,"featured_media":0,"comment_status":"closed","ping_status":"closed","sticky":false,"template":"","format":"standard","meta":{"footnotes":""},"categories":[16],"tags":[],"class_list":["post-13172","post","type-post","status-publish","format-standard","hentry","category-veranstaltungsarchiv"],"_links":{"self":[{"href":"https:\/\/www.kulturkreis-wachtendonk.de\/cms\/wp-json\/wp\/v2\/posts\/13172","targetHints":{"allow":["GET"]}}],"collection":[{"href":"https:\/\/www.kulturkreis-wachtendonk.de\/cms\/wp-json\/wp\/v2\/posts"}],"about":[{"href":"https:\/\/www.kulturkreis-wachtendonk.de\/cms\/wp-json\/wp\/v2\/types\/post"}],"author":[{"embeddable":true,"href":"https:\/\/www.kulturkreis-wachtendonk.de\/cms\/wp-json\/wp\/v2\/users\/4"}],"replies":[{"embeddable":true,"href":"https:\/\/www.kulturkreis-wachtendonk.de\/cms\/wp-json\/wp\/v2\/comments?post=13172"}],"version-history":[{"count":15,"href":"https:\/\/www.kulturkreis-wachtendonk.de\/cms\/wp-json\/wp\/v2\/posts\/13172\/revisions"}],"predecessor-version":[{"id":13209,"href":"https:\/\/www.kulturkreis-wachtendonk.de\/cms\/wp-json\/wp\/v2\/posts\/13172\/revisions\/13209"}],"wp:attachment":[{"href":"https:\/\/www.kulturkreis-wachtendonk.de\/cms\/wp-json\/wp\/v2\/media?parent=13172"}],"wp:term":[{"taxonomy":"category","embeddable":true,"href":"https:\/\/www.kulturkreis-wachtendonk.de\/cms\/wp-json\/wp\/v2\/categories?post=13172"},{"taxonomy":"post_tag","embeddable":true,"href":"https:\/\/www.kulturkreis-wachtendonk.de\/cms\/wp-json\/wp\/v2\/tags?post=13172"}],"curies":[{"name":"wp","href":"https:\/\/api.w.org\/{rel}","templated":true}]}}