{"id":13096,"date":"2025-03-03T19:37:23","date_gmt":"2025-03-03T18:37:23","guid":{"rendered":"https:\/\/www.kulturkreis-wachtendonk.de\/cms\/?p=13096"},"modified":"2025-06-17T15:34:48","modified_gmt":"2025-06-17T13:34:48","slug":"renovatio-251-16-18-mai-2025-ausstellung-und-besichtigung","status":"publish","type":"post","link":"https:\/\/www.kulturkreis-wachtendonk.de\/cms\/renovatio-251-16-18-mai-2025-ausstellung-und-besichtigung\/","title":{"rendered":"Renovatio #25+1 \u2022 Ausstellung und Besichtigung \u2022 16. &#8211; 18. Mai 2025"},"content":{"rendered":"<p><a href=\"http:\/\/www.kulturkreis-wachtendonk.de\/cms\/wp-content\/uploads\/2025\/04\/IMG_5183_1200.jpg\"><img decoding=\"async\" class=\"alignnone size-thumbnail wp-image-13101\" src=\"http:\/\/www.kulturkreis-wachtendonk.de\/cms\/wp-content\/uploads\/2025\/04\/IMG_5183_1200-200x200.jpg\" alt=\"\" width=\"200\" height=\"200\" \/><\/a> <a href=\"http:\/\/www.kulturkreis-wachtendonk.de\/cms\/wp-content\/uploads\/2025\/04\/IMG_1759_1200.jpg\"><img decoding=\"async\" class=\"alignnone size-thumbnail wp-image-13099\" src=\"http:\/\/www.kulturkreis-wachtendonk.de\/cms\/wp-content\/uploads\/2025\/04\/IMG_1759_1200-200x200.jpg\" alt=\"\" width=\"200\" height=\"200\" \/><\/a> <a href=\"http:\/\/www.kulturkreis-wachtendonk.de\/cms\/wp-content\/uploads\/2025\/04\/IMG_0224_1200.jpg\"><img decoding=\"async\" class=\"alignnone size-thumbnail wp-image-13100\" src=\"http:\/\/www.kulturkreis-wachtendonk.de\/cms\/wp-content\/uploads\/2025\/04\/IMG_0224_1200-200x200.jpg\" alt=\"\" width=\"200\" height=\"200\" \/><\/a><\/p>\n<p><strong>Freitag 16. Mai, 19:00 Uhr \u2192 Er\u00f6ffnung der Ausstellung mit dem Andreas G\u00fcnther Quartett<\/strong><\/p>\n<p><strong>Samstag 17. Mai und Sonntag 18. Mai <\/strong><strong>jeweils 11:00 &#8211; 18:00 Uhr<\/strong><\/p>\n<p>Nachdem im September 2024 im Alten Wasserwerk an den 25-j\u00e4hrigen Betrieb dieser St\u00e4tte f\u00fcr Kunst und Kultur erinnert wurde, m\u00f6chten wir durch die Teilnahme an den Kreis Klever KulTourtage auf die neue Saison hinweisen.<\/p>\n<p>Neben den Erl\u00f6sen aus der durchgef\u00fchrten Auktion anl\u00e4sslich der Jubil\u00e4umsausstellung hat sich die Gruppe AquA besonders \u00fcber den Neuzugang einiger interessierter Personen gefreut. Dank des ehrenamtlichen Engagements der Gruppe konnten in den letzten Monaten umfangreiche Verbesserungen und notwendige Renovierungsarbeiten durchgef\u00fchrt werden.<\/p>\n<p>In einer kleinen Ausstellung werden Werke von einigen K\u00fcnstlern pr\u00e4sentiert, die sich auch an der Auktion 2024 beteiligt hatten.<\/p>\n<p>TIPP: Am Er\u00f6ffnungstag wird in Kooperation mit dem Kulturprojekte Niederrhein e.V. das Andreas G\u00fcnther Quartett auftreten.<\/p>\n<p>Weitere Infos hierzu finden Sie unter: <a href=\"https:\/\/www.kulturprojekte-niederrhein.de\/events\/andreas-gunther-quartett\">https:\/\/www.kulturprojekteniederrhein.de\/events\/andreas-gunther-quartett<\/a>. Der Eintritt ist frei, Spenden sind herzlich willkommen. Die Gruppe AquA und der Kulturkreis Wachtendonk w\u00fcrden sich \u00fcber Ihren Besuch freuen.<\/p>\n<p><strong>Ort: Altes Wasserwerk, Fliethweg 44, Wachtendonk.<\/strong> Bitte Parkpl\u00e4tze Bruchtor, Wankumer Strasse oder Schoelkensdyck benutzen. Und dann ein kleiner Spaziergang zum Alten Wasserwerk. Kommen Sie gerne auch mit dem Rad.<\/p>\n","protected":false},"excerpt":{"rendered":"<p>Freitag 16. Mai, 19:00 Uhr \u2192 Er\u00f6ffnung der Ausstellung mit dem Andreas G\u00fcnther Quartett Samstag 17. Mai und Sonntag 18. Mai jeweils 11:00 &#8211; 18:00 Uhr Nachdem im September 2024 im Alten Wasserwerk an den 25-j\u00e4hrigen Betrieb dieser St\u00e4tte f\u00fcr Kunst und Kultur erinnert wurde, m\u00f6chten wir durch die Teilnahme an den Kreis Klever KulTourtage &#8230; <\/p>\n<p class=\"read-more-container\"><a title=\"Renovatio #25+1 \u2022 Ausstellung und Besichtigung \u2022 16. &#8211; 18. Mai 2025\" class=\"read-more button\" href=\"https:\/\/www.kulturkreis-wachtendonk.de\/cms\/renovatio-251-16-18-mai-2025-ausstellung-und-besichtigung\/#more-13096\" aria-label=\"Mehr Informationen \u00fcber Renovatio #25+1 \u2022 Ausstellung und Besichtigung \u2022 16. &#8211; 18. Mai 2025\">Weiterlesen &#8230;<\/a><\/p>\n","protected":false},"author":4,"featured_media":0,"comment_status":"closed","ping_status":"closed","sticky":false,"template":"","format":"standard","meta":{"footnotes":""},"categories":[16],"tags":[],"class_list":["post-13096","post","type-post","status-publish","format-standard","hentry","category-veranstaltungsarchiv"],"_links":{"self":[{"href":"https:\/\/www.kulturkreis-wachtendonk.de\/cms\/wp-json\/wp\/v2\/posts\/13096","targetHints":{"allow":["GET"]}}],"collection":[{"href":"https:\/\/www.kulturkreis-wachtendonk.de\/cms\/wp-json\/wp\/v2\/posts"}],"about":[{"href":"https:\/\/www.kulturkreis-wachtendonk.de\/cms\/wp-json\/wp\/v2\/types\/post"}],"author":[{"embeddable":true,"href":"https:\/\/www.kulturkreis-wachtendonk.de\/cms\/wp-json\/wp\/v2\/users\/4"}],"replies":[{"embeddable":true,"href":"https:\/\/www.kulturkreis-wachtendonk.de\/cms\/wp-json\/wp\/v2\/comments?post=13096"}],"version-history":[{"count":22,"href":"https:\/\/www.kulturkreis-wachtendonk.de\/cms\/wp-json\/wp\/v2\/posts\/13096\/revisions"}],"predecessor-version":[{"id":13238,"href":"https:\/\/www.kulturkreis-wachtendonk.de\/cms\/wp-json\/wp\/v2\/posts\/13096\/revisions\/13238"}],"wp:attachment":[{"href":"https:\/\/www.kulturkreis-wachtendonk.de\/cms\/wp-json\/wp\/v2\/media?parent=13096"}],"wp:term":[{"taxonomy":"category","embeddable":true,"href":"https:\/\/www.kulturkreis-wachtendonk.de\/cms\/wp-json\/wp\/v2\/categories?post=13096"},{"taxonomy":"post_tag","embeddable":true,"href":"https:\/\/www.kulturkreis-wachtendonk.de\/cms\/wp-json\/wp\/v2\/tags?post=13096"}],"curies":[{"name":"wp","href":"https:\/\/api.w.org\/{rel}","templated":true}]}}