{"id":13006,"date":"2025-01-14T12:20:39","date_gmt":"2025-01-14T11:20:39","guid":{"rendered":"https:\/\/www.kulturkreis-wachtendonk.de\/cms\/?p=13006"},"modified":"2025-07-15T12:34:55","modified_gmt":"2025-07-15T10:34:55","slug":"%ef%b8%8e-open-air-folk-event-wachtendonk-sonntag-13-juli-2025","status":"publish","type":"post","link":"https:\/\/www.kulturkreis-wachtendonk.de\/cms\/%ef%b8%8e-open-air-folk-event-wachtendonk-sonntag-13-juli-2025\/","title":{"rendered":"Open Air Folk Event in Wachtendonk \u2022 Sonntag, 13.07.2025"},"content":{"rendered":"\t\t<div data-elementor-type=\"wp-post\" data-elementor-id=\"13006\" class=\"elementor elementor-13006\">\n\t\t\t\t<div class=\"elementor-element elementor-element-c65ba1e e-flex e-con-boxed e-con e-parent\" data-id=\"c65ba1e\" data-element_type=\"container\" data-e-type=\"container\">\n\t\t\t\t\t<div class=\"e-con-inner\">\n\t\t\t\t<div class=\"elementor-element elementor-element-17d839b elementor-widget elementor-widget-text-editor\" data-id=\"17d839b\" data-element_type=\"widget\" data-e-type=\"widget\" data-widget_type=\"text-editor.default\">\n\t\t\t\t<div class=\"elementor-widget-container\">\n\t\t\t\t\t\t\t\t\t<p>In Wachtendonk gibt es eine \u00e4u\u00dferst aktive Folk-Szene, die sich regelm\u00e4\u00dfig in der Altdeutschen Gastst\u00e4tte B\u00fcskens zu gemeinsamen Sessions trifft und im Sommer auf der Weinstra\u00dfe f\u00fcr Unterhaltung sorgt. Hieran ankn\u00fcpfend und aufgrund der guten Resonanz wird es wieder ein gro\u00dfes Folk-Event auf dem Friedensplatz geben.<\/p>\n<p>Auf der B\u00fchne pr\u00e4sentieren sich am\u00a0<strong>Sonntag, 13. Juli 2025, beginnend ab 11 Uhr<\/strong>, nacheinander mehrere K\u00fcnstler und Bands, die musikalisch \u201eihre Heimat im Folk haben\u201c. Bei hoffentlich gutem Wetter sollte jeder die Picknickdecke und Sonnenschutz einpacken, um in lockerer Atmosph\u00e4re ein paar fr\u00f6hliche Stunden zu genie\u00dfen, und das\u00a0bei freiem Eintritt.\u00a0F\u00fcr das leibliche Wohl ist gesorgt.<\/p>\n<p>Folgende Auftrittsfolge ist geplant:<\/p>\n<ul>\n<li>Lizzy\u00b4s Cocktail 11.00 bis 12.00 Uhr anschl. Umbaupause<\/li>\n<li>Bailiwick Band 12.30 bis 13.30 Uhr anschl. Umbaupause<\/li>\n<li>La Kejoca, gobal folk 14.00 bis 15.00 Uhr anschl. Umbaupause<\/li>\n<li>Fragile Matt 15.30 \u2013 16.30 Uhr anschl. Umbaupause<\/li>\n<li>La Kejoca, global folk 16.45 \u2013 17.45 Uhr<\/li>\n<\/ul>\t\t\t\t\t\t\t\t<\/div>\n\t\t\t\t<\/div>\n\t\t\t\t\t<\/div>\n\t\t\t\t<\/div>\n\t\t<div class=\"elementor-element elementor-element-3fae6be e-flex e-con-boxed e-con e-parent\" data-id=\"3fae6be\" data-element_type=\"container\" data-e-type=\"container\">\n\t\t\t\t\t<div class=\"e-con-inner\">\n\t\t<div class=\"elementor-element elementor-element-388334a e-con-full e-flex e-con e-child\" data-id=\"388334a\" data-element_type=\"container\" data-e-type=\"container\">\n\t\t\t\t<div class=\"elementor-element elementor-element-5d01fd3 elementor-widget elementor-widget-image\" data-id=\"5d01fd3\" data-element_type=\"widget\" data-e-type=\"widget\" data-widget_type=\"image.default\">\n\t\t\t\t<div class=\"elementor-widget-container\">\n\t\t\t\t\t\t\t\t\t\t\t\t<figure class=\"wp-caption\">\n\t\t\t\t\t\t\t\t\t\t\t<a href=\"https:\/\/www.kulturkreis-wachtendonk.de\/cms\/wp-content\/uploads\/2025\/03\/Lizzys-Cocktail1_1200.jpg\" data-elementor-open-lightbox=\"yes\" data-e-action-hash=\"#elementor-action%3Aaction%3Dlightbox%26settings%3DeyJpZCI6MTI5MzIsInVybCI6Imh0dHBzOlwvXC93d3cua3VsdHVya3JlaXMtd2FjaHRlbmRvbmsuZGVcL2Ntc1wvd3AtY29udGVudFwvdXBsb2Fkc1wvMjAyNVwvMDNcL0xpenp5cy1Db2NrdGFpbDFfMTIwMC5qcGcifQ%3D%3D\">\n\t\t\t\t\t\t\t<img decoding=\"async\" width=\"200\" height=\"200\" src=\"https:\/\/www.kulturkreis-wachtendonk.de\/cms\/wp-content\/uploads\/2025\/03\/Lizzys-Cocktail1_1200-200x200.jpg\" class=\"attachment-thumbnail size-thumbnail wp-image-12932\" alt=\"\" \/>\t\t\t\t\t\t\t\t<\/a>\n\t\t\t\t\t\t\t\t\t\t\t<figcaption class=\"widget-image-caption wp-caption-text\">Lizzy\u00b4s Cocktail<\/figcaption>\n\t\t\t\t\t\t\t\t\t\t<\/figure>\n\t\t\t\t\t\t\t\t\t<\/div>\n\t\t\t\t<\/div>\n\t\t\t\t<\/div>\n\t\t<div class=\"elementor-element elementor-element-e6dd65c e-con-full e-flex e-con e-child\" data-id=\"e6dd65c\" data-element_type=\"container\" data-e-type=\"container\">\n\t\t\t\t<div class=\"elementor-element elementor-element-07458f5 elementor-widget elementor-widget-image\" data-id=\"07458f5\" data-element_type=\"widget\" data-e-type=\"widget\" data-widget_type=\"image.default\">\n\t\t\t\t<div class=\"elementor-widget-container\">\n\t\t\t\t\t\t\t\t\t\t\t\t<figure class=\"wp-caption\">\n\t\t\t\t\t\t\t\t\t\t\t<a href=\"https:\/\/www.kulturkreis-wachtendonk.de\/cms\/wp-content\/uploads\/2025\/03\/Bailiwick-Band-2_1200.jpg\" data-elementor-open-lightbox=\"yes\" data-e-action-hash=\"#elementor-action%3Aaction%3Dlightbox%26settings%3DeyJpZCI6MTI5MzMsInVybCI6Imh0dHBzOlwvXC93d3cua3VsdHVya3JlaXMtd2FjaHRlbmRvbmsuZGVcL2Ntc1wvd3AtY29udGVudFwvdXBsb2Fkc1wvMjAyNVwvMDNcL0JhaWxpd2ljay1CYW5kLTJfMTIwMC5qcGcifQ%3D%3D\">\n\t\t\t\t\t\t\t<img decoding=\"async\" width=\"200\" height=\"200\" src=\"https:\/\/www.kulturkreis-wachtendonk.de\/cms\/wp-content\/uploads\/2025\/03\/Bailiwick-Band-2_1200-200x200.jpg\" class=\"attachment-thumbnail size-thumbnail wp-image-12933\" alt=\"\" \/>\t\t\t\t\t\t\t\t<\/a>\n\t\t\t\t\t\t\t\t\t\t\t<figcaption class=\"widget-image-caption wp-caption-text\">Bailiwick Band<\/figcaption>\n\t\t\t\t\t\t\t\t\t\t<\/figure>\n\t\t\t\t\t\t\t\t\t<\/div>\n\t\t\t\t<\/div>\n\t\t\t\t<\/div>\n\t\t<div class=\"elementor-element elementor-element-eec7146 e-con-full e-flex e-con e-child\" data-id=\"eec7146\" data-element_type=\"container\" data-e-type=\"container\">\n\t\t\t\t<div class=\"elementor-element elementor-element-d334bb5 elementor-widget elementor-widget-image\" data-id=\"d334bb5\" data-element_type=\"widget\" data-e-type=\"widget\" data-widget_type=\"image.default\">\n\t\t\t\t<div class=\"elementor-widget-container\">\n\t\t\t\t\t\t\t\t\t\t\t\t<figure class=\"wp-caption\">\n\t\t\t\t\t\t\t\t\t\t\t<a href=\"https:\/\/www.kulturkreis-wachtendonk.de\/cms\/wp-content\/uploads\/2025\/03\/Kejoca2_1200.jpg\" data-elementor-open-lightbox=\"yes\" data-e-action-hash=\"#elementor-action%3Aaction%3Dlightbox%26settings%3DeyJpZCI6MTI5MzQsInVybCI6Imh0dHBzOlwvXC93d3cua3VsdHVya3JlaXMtd2FjaHRlbmRvbmsuZGVcL2Ntc1wvd3AtY29udGVudFwvdXBsb2Fkc1wvMjAyNVwvMDNcL0tlam9jYTJfMTIwMC5qcGcifQ%3D%3D\">\n\t\t\t\t\t\t\t<img decoding=\"async\" width=\"200\" height=\"200\" src=\"https:\/\/www.kulturkreis-wachtendonk.de\/cms\/wp-content\/uploads\/2025\/03\/Kejoca2_1200-200x200.jpg\" class=\"attachment-thumbnail size-thumbnail wp-image-12934\" alt=\"\" \/>\t\t\t\t\t\t\t\t<\/a>\n\t\t\t\t\t\t\t\t\t\t\t<figcaption class=\"widget-image-caption wp-caption-text\">La Kejoca, gobal folk<\/figcaption>\n\t\t\t\t\t\t\t\t\t\t<\/figure>\n\t\t\t\t\t\t\t\t\t<\/div>\n\t\t\t\t<\/div>\n\t\t\t\t<\/div>\n\t\t<div class=\"elementor-element elementor-element-8fe4610 e-con-full e-flex e-con e-child\" data-id=\"8fe4610\" data-element_type=\"container\" data-e-type=\"container\">\n\t\t\t\t<div class=\"elementor-element elementor-element-664a6a0 elementor-widget elementor-widget-image\" data-id=\"664a6a0\" data-element_type=\"widget\" data-e-type=\"widget\" data-widget_type=\"image.default\">\n\t\t\t\t<div class=\"elementor-widget-container\">\n\t\t\t\t\t\t\t\t\t\t\t\t<figure class=\"wp-caption\">\n\t\t\t\t\t\t\t\t\t\t\t<a href=\"https:\/\/www.kulturkreis-wachtendonk.de\/cms\/wp-content\/uploads\/2025\/03\/fragile_matt_band_2_1200.jpg\" data-elementor-open-lightbox=\"yes\" data-e-action-hash=\"#elementor-action%3Aaction%3Dlightbox%26settings%3DeyJpZCI6MTI5MzUsInVybCI6Imh0dHBzOlwvXC93d3cua3VsdHVya3JlaXMtd2FjaHRlbmRvbmsuZGVcL2Ntc1wvd3AtY29udGVudFwvdXBsb2Fkc1wvMjAyNVwvMDNcL2ZyYWdpbGVfbWF0dF9iYW5kXzJfMTIwMC5qcGcifQ%3D%3D\">\n\t\t\t\t\t\t\t<img loading=\"lazy\" decoding=\"async\" width=\"200\" height=\"200\" src=\"https:\/\/www.kulturkreis-wachtendonk.de\/cms\/wp-content\/uploads\/2025\/03\/fragile_matt_band_2_1200-200x200.jpg\" class=\"attachment-thumbnail size-thumbnail wp-image-12935\" alt=\"\" \/>\t\t\t\t\t\t\t\t<\/a>\n\t\t\t\t\t\t\t\t\t\t\t<figcaption class=\"widget-image-caption wp-caption-text\">Fragile Matt<\/figcaption>\n\t\t\t\t\t\t\t\t\t\t<\/figure>\n\t\t\t\t\t\t\t\t\t<\/div>\n\t\t\t\t<\/div>\n\t\t\t\t<\/div>\n\t\t\t\t\t<\/div>\n\t\t\t\t<\/div>\n\t\t<div class=\"elementor-element elementor-element-6baf437 e-flex e-con-boxed e-con e-parent\" data-id=\"6baf437\" data-element_type=\"container\" data-e-type=\"container\">\n\t\t\t\t\t<div class=\"e-con-inner\">\n\t\t\t\t<div class=\"elementor-element elementor-element-1bea9f8 elementor-widget elementor-widget-text-editor\" data-id=\"1bea9f8\" data-element_type=\"widget\" data-e-type=\"widget\" data-widget_type=\"text-editor.default\">\n\t\t\t\t<div class=\"elementor-widget-container\">\n\t\t\t\t\t\t\t\t\t<p><strong>Lizzy\u00b4s Cocktail<\/strong>\u00a0(11.00 \u2013 12.00 Uhr) Lizzy\u00b4s Cocktail, die Folkband aus Rees und Umgebung, ist in diesem Jahr erstmalig zu Gast auf der Veranstaltung \u201eFolk auf dem Friedensplatz\u201c in Wachtendonk. Mit im Gep\u00e4ck ist der musikalische \u201eCocktail\u201c der der Band einen Teil seines Namens gegeben hat. Gemeint ist das vielf\u00e4ltige Repertoire aus verschieden Bereichen der Folk- oder Weltmusik. Dies umfasst neben irischen Kl\u00e4ngen auch St\u00fccke aus Skandinavien und weiteren europ\u00e4ischen L\u00e4ndern wie Belgien und Frankreich. Musik aus Amerika ist ebenso dabei wie Anleihen aus jiddischer Musik. Hinzu kommt noch ein wachsender Anteil von eigenen Kompositionen und Liedern mit deutschen Texten.<\/p>\n<p>Unter der aktuellen Besetzung ist das Repertoire noch einmal um einige Facetten reicher geworden. So hat sich doch tats\u00e4chlich auch etwas Bayerisches und etwas karibisches eingeschlichen. Das alles erklingt auf traditionellen Instrumenten wie Gitarre, Mandoline, Akkordeon, Concertina, Geige und diversen Blockfl\u00f6ten. Im Takt gehalten wird das Ganze durch einen original irischen Drummer.<\/p>\n<p><strong>Bailiwick Band<\/strong> (12.30 bis 13.30 Uhr) Die 6 Musiker kommen aus der Gegend von Eindhoven und \u2019s Hertogenbosch in den Niederlanden.<\/p>\n<p>Die Band spielt vornehmlich irische und schottische Tunes und Balladen.\u00a0Dabei sind zwei Gitarren, eine Violine, eine Fl\u00f6te und zwei Akkordeons.<\/p>\n<p><strong>La Kejoca, gobal folk<\/strong> (14.00 bis 15.00 Uhr und 16.45 bis 17.45 Uhr) Das Trio LA KEJOCA ist sp\u00e4testens seit seinem Freiheits-Album \u201eLibertad\u201c eines der Aush\u00e4ngeschilder guter, handgemachter Folkmusik in Deutschland. Ke \u2013 Keno Brandt, Jo \u2013 Jonas R\u00f6lleke &amp; Ca \u2013 Carmen Bangert machen \u201eGlobal Folk\u201c mit Gesang, Geige, Whistles, Drehleier, Banjolele, Gitarren &amp; Kontrabass. In ihren Texten nehmen sie kein Blatt vor den Mund und stehen ein f\u00fcr Menschenrechte, Antifaschismus, Gleichberechtigung, Klima- und Umweltschutz, Freiheit und Toleranz.<\/p>\n<p>Mit ihrem Album LIBERTAD, das im Februar 2022 mit dem PREIS DER DEUTSCHEN SCHALLPLATTENKRITIK ausgezeichnet wurde, bringen sie nicht nur musikalisch, sondern auch politisch eine Botschaft zu Geh\u00f6r. Alle drei Musiker sind Multiinstrumentalisten und pr\u00e4sentieren ein breites musikalisches Spektrum. Ihre professionelle Ausbildung blitzt dabei sowohl in den klaren Satzges\u00e4ngen, den Instrumentalsoli, als auch in den stimmigen Arrangements immer wieder durch.<\/p>\n<p><strong>Fragile Matt<\/strong> (15.30 bis 16.30 Uhr) Die fetzigen traditionellen und schottischen Tunes sind, zusammen mit dem mehrstimmigen Gesang, sehr authentisch. Der Gr\u00fcnder, David Hutchinson, mit seiner verrauchten, wie in irischen Whiskey getauchten Stimme, ist ein Original, der ideale Interpret f\u00fcr Folk vom Feinsten.<\/p>\n<p>Gegr\u00fcndet 2008 im irischen Doolin ist Fragile Matt seitdem in Irland, Deutschland und den Niederlanden unterwegs. David Hutchinson (Irland): Gesang, irische Bouzouki Andrea Zielke (Australien): Gesang, Gitarre Katja Winterberg (Wuppertal): Bodhr\u00e1n, Geige<\/p>\t\t\t\t\t\t\t\t<\/div>\n\t\t\t\t<\/div>\n\t\t\t\t\t<\/div>\n\t\t\t\t<\/div>\n\t\t\t\t<\/div>\n\t\t","protected":false},"excerpt":{"rendered":"<p>In Wachtendonk gibt es eine \u00e4u\u00dferst aktive Folk-Szene, die sich regelm\u00e4\u00dfig in der Altdeutschen Gastst\u00e4tte B\u00fcskens zu gemeinsamen Sessions trifft und im Sommer auf der Weinstra\u00dfe f\u00fcr Unterhaltung sorgt. Hieran ankn\u00fcpfend und aufgrund der guten Resonanz wird es wieder ein gro\u00dfes Folk-Event auf dem Friedensplatz geben. Auf der B\u00fchne pr\u00e4sentieren sich am\u00a0Sonntag, 13. Juli 2025, &#8230; <\/p>\n<p class=\"read-more-container\"><a title=\"Open Air Folk Event in Wachtendonk \u2022 Sonntag, 13.07.2025\" class=\"read-more button\" href=\"https:\/\/www.kulturkreis-wachtendonk.de\/cms\/%ef%b8%8e-open-air-folk-event-wachtendonk-sonntag-13-juli-2025\/#more-13006\" aria-label=\"Mehr Informationen \u00fcber Open Air Folk Event in Wachtendonk \u2022 Sonntag, 13.07.2025\">Weiterlesen &#8230;<\/a><\/p>\n","protected":false},"author":4,"featured_media":0,"comment_status":"closed","ping_status":"closed","sticky":false,"template":"","format":"standard","meta":{"footnotes":""},"categories":[16],"tags":[],"class_list":["post-13006","post","type-post","status-publish","format-standard","hentry","category-veranstaltungsarchiv"],"_links":{"self":[{"href":"https:\/\/www.kulturkreis-wachtendonk.de\/cms\/wp-json\/wp\/v2\/posts\/13006","targetHints":{"allow":["GET"]}}],"collection":[{"href":"https:\/\/www.kulturkreis-wachtendonk.de\/cms\/wp-json\/wp\/v2\/posts"}],"about":[{"href":"https:\/\/www.kulturkreis-wachtendonk.de\/cms\/wp-json\/wp\/v2\/types\/post"}],"author":[{"embeddable":true,"href":"https:\/\/www.kulturkreis-wachtendonk.de\/cms\/wp-json\/wp\/v2\/users\/4"}],"replies":[{"embeddable":true,"href":"https:\/\/www.kulturkreis-wachtendonk.de\/cms\/wp-json\/wp\/v2\/comments?post=13006"}],"version-history":[{"count":10,"href":"https:\/\/www.kulturkreis-wachtendonk.de\/cms\/wp-json\/wp\/v2\/posts\/13006\/revisions"}],"predecessor-version":[{"id":13285,"href":"https:\/\/www.kulturkreis-wachtendonk.de\/cms\/wp-json\/wp\/v2\/posts\/13006\/revisions\/13285"}],"wp:attachment":[{"href":"https:\/\/www.kulturkreis-wachtendonk.de\/cms\/wp-json\/wp\/v2\/media?parent=13006"}],"wp:term":[{"taxonomy":"category","embeddable":true,"href":"https:\/\/www.kulturkreis-wachtendonk.de\/cms\/wp-json\/wp\/v2\/categories?post=13006"},{"taxonomy":"post_tag","embeddable":true,"href":"https:\/\/www.kulturkreis-wachtendonk.de\/cms\/wp-json\/wp\/v2\/tags?post=13006"}],"curies":[{"name":"wp","href":"https:\/\/api.w.org\/{rel}","templated":true}]}}