{"id":12991,"date":"2025-02-20T18:30:54","date_gmt":"2025-02-20T17:30:54","guid":{"rendered":"https:\/\/www.kulturkreis-wachtendonk.de\/cms\/?p=12991"},"modified":"2025-08-26T10:15:53","modified_gmt":"2025-08-26T08:15:53","slug":"%ef%b8%8e-offenes-atelier-vom-18-08-bis-23-08-2025-im-alten-wasserwerk","status":"publish","type":"post","link":"https:\/\/www.kulturkreis-wachtendonk.de\/cms\/%ef%b8%8e-offenes-atelier-vom-18-08-bis-23-08-2025-im-alten-wasserwerk\/","title":{"rendered":"Offenes Atelier vom 18.08. bis 23.08.2025 im Alten Wasserwerk"},"content":{"rendered":"\t\t<div data-elementor-type=\"wp-post\" data-elementor-id=\"12991\" class=\"elementor elementor-12991\">\n\t\t\t\t<div class=\"elementor-element elementor-element-4ba847b e-flex e-con-boxed e-con e-parent\" data-id=\"4ba847b\" data-element_type=\"container\" data-e-type=\"container\">\n\t\t\t\t\t<div class=\"e-con-inner\">\n\t\t<div class=\"elementor-element elementor-element-238403d e-con-full e-flex e-con e-child\" data-id=\"238403d\" data-element_type=\"container\" data-e-type=\"container\">\n\t\t\t\t<div class=\"elementor-element elementor-element-925cca3 elementor-widget elementor-widget-image\" data-id=\"925cca3\" data-element_type=\"widget\" data-e-type=\"widget\" data-widget_type=\"image.default\">\n\t\t\t\t<div class=\"elementor-widget-container\">\n\t\t\t\t\t\t\t\t\t\t\t\t<figure class=\"wp-caption\">\n\t\t\t\t\t\t\t\t\t\t\t<a href=\"https:\/\/www.kulturkreis-wachtendonk.de\/cms\/wp-content\/uploads\/2025\/03\/1024_Brigitte-von-der-Eltz-Bild-1.jpg\" data-elementor-open-lightbox=\"yes\" data-e-action-hash=\"#elementor-action%3Aaction%3Dlightbox%26settings%3DeyJpZCI6MTI5NTEsInVybCI6Imh0dHBzOlwvXC93d3cua3VsdHVya3JlaXMtd2FjaHRlbmRvbmsuZGVcL2Ntc1wvd3AtY29udGVudFwvdXBsb2Fkc1wvMjAyNVwvMDNcLzEwMjRfQnJpZ2l0dGUtdm9uLWRlci1FbHR6LUJpbGQtMS5qcGcifQ%3D%3D\">\n\t\t\t\t\t\t\t<img decoding=\"async\" width=\"200\" height=\"200\" src=\"https:\/\/www.kulturkreis-wachtendonk.de\/cms\/wp-content\/uploads\/2025\/03\/1024_Brigitte-von-der-Eltz-Bild-1-200x200.jpg\" class=\"attachment-thumbnail size-thumbnail wp-image-12951\" alt=\"\" \/>\t\t\t\t\t\t\t\t<\/a>\n\t\t\t\t\t\t\t\t\t\t\t<figcaption class=\"widget-image-caption wp-caption-text\">Brigitte von der Eltz<\/figcaption>\n\t\t\t\t\t\t\t\t\t\t<\/figure>\n\t\t\t\t\t\t\t\t\t<\/div>\n\t\t\t\t<\/div>\n\t\t\t\t<\/div>\n\t\t<div class=\"elementor-element elementor-element-6a66c80 e-con-full e-flex e-con e-child\" data-id=\"6a66c80\" data-element_type=\"container\" data-e-type=\"container\">\n\t\t\t\t<div class=\"elementor-element elementor-element-3c9b3e3 elementor-widget elementor-widget-image\" data-id=\"3c9b3e3\" data-element_type=\"widget\" data-e-type=\"widget\" data-widget_type=\"image.default\">\n\t\t\t\t<div class=\"elementor-widget-container\">\n\t\t\t\t\t\t\t\t\t\t\t\t<figure class=\"wp-caption\">\n\t\t\t\t\t\t\t\t\t\t\t<a href=\"https:\/\/www.kulturkreis-wachtendonk.de\/cms\/wp-content\/uploads\/2025\/03\/1024_Narita-Gursky-Faltschachtel.jpg\" data-elementor-open-lightbox=\"yes\" data-e-action-hash=\"#elementor-action%3Aaction%3Dlightbox%26settings%3DeyJpZCI6MTI5NTMsInVybCI6Imh0dHBzOlwvXC93d3cua3VsdHVya3JlaXMtd2FjaHRlbmRvbmsuZGVcL2Ntc1wvd3AtY29udGVudFwvdXBsb2Fkc1wvMjAyNVwvMDNcLzEwMjRfTmFyaXRhLUd1cnNreS1GYWx0c2NoYWNodGVsLmpwZyJ9\">\n\t\t\t\t\t\t\t<img decoding=\"async\" width=\"200\" height=\"200\" src=\"https:\/\/www.kulturkreis-wachtendonk.de\/cms\/wp-content\/uploads\/2025\/03\/1024_Narita-Gursky-Faltschachtel-200x200.jpg\" class=\"attachment-thumbnail size-thumbnail wp-image-12953\" alt=\"\" \/>\t\t\t\t\t\t\t\t<\/a>\n\t\t\t\t\t\t\t\t\t\t\t<figcaption class=\"widget-image-caption wp-caption-text\">Marita Gursky<\/figcaption>\n\t\t\t\t\t\t\t\t\t\t<\/figure>\n\t\t\t\t\t\t\t\t\t<\/div>\n\t\t\t\t<\/div>\n\t\t\t\t<\/div>\n\t\t<div class=\"elementor-element elementor-element-1188632 e-con-full e-flex e-con e-child\" data-id=\"1188632\" data-element_type=\"container\" data-e-type=\"container\">\n\t\t\t\t<div class=\"elementor-element elementor-element-c9a9796 elementor-widget elementor-widget-image\" data-id=\"c9a9796\" data-element_type=\"widget\" data-e-type=\"widget\" data-widget_type=\"image.default\">\n\t\t\t\t<div class=\"elementor-widget-container\">\n\t\t\t\t\t\t\t\t\t\t\t\t<figure class=\"wp-caption\">\n\t\t\t\t\t\t\t\t\t\t\t<a href=\"https:\/\/www.kulturkreis-wachtendonk.de\/cms\/wp-content\/uploads\/2025\/03\/1024_Arnhild-Koppel-Sichtweite.jpg\" data-elementor-open-lightbox=\"yes\" data-e-action-hash=\"#elementor-action%3Aaction%3Dlightbox%26settings%3DeyJpZCI6MTI5NTAsInVybCI6Imh0dHBzOlwvXC93d3cua3VsdHVya3JlaXMtd2FjaHRlbmRvbmsuZGVcL2Ntc1wvd3AtY29udGVudFwvdXBsb2Fkc1wvMjAyNVwvMDNcLzEwMjRfQXJuaGlsZC1Lb3BwZWwtU2ljaHR3ZWl0ZS5qcGcifQ%3D%3D\">\n\t\t\t\t\t\t\t<img decoding=\"async\" width=\"200\" height=\"200\" src=\"https:\/\/www.kulturkreis-wachtendonk.de\/cms\/wp-content\/uploads\/2025\/03\/1024_Arnhild-Koppel-Sichtweite-200x200.jpg\" class=\"attachment-thumbnail size-thumbnail wp-image-12950\" alt=\"\" \/>\t\t\t\t\t\t\t\t<\/a>\n\t\t\t\t\t\t\t\t\t\t\t<figcaption class=\"widget-image-caption wp-caption-text\">Arnhild Koppel\n<\/figcaption>\n\t\t\t\t\t\t\t\t\t\t<\/figure>\n\t\t\t\t\t\t\t\t\t<\/div>\n\t\t\t\t<\/div>\n\t\t\t\t<\/div>\n\t\t<div class=\"elementor-element elementor-element-b03e3df e-con-full e-flex e-con e-child\" data-id=\"b03e3df\" data-element_type=\"container\" data-e-type=\"container\">\n\t\t\t\t<div class=\"elementor-element elementor-element-1507888 elementor-widget elementor-widget-image\" data-id=\"1507888\" data-element_type=\"widget\" data-e-type=\"widget\" data-widget_type=\"image.default\">\n\t\t\t\t<div class=\"elementor-widget-container\">\n\t\t\t\t\t\t\t\t\t\t\t\t<figure class=\"wp-caption\">\n\t\t\t\t\t\t\t\t\t\t\t<a href=\"https:\/\/www.kulturkreis-wachtendonk.de\/cms\/wp-content\/uploads\/2025\/03\/1024_Sabine-Molderings-Bild-1.jpg\" data-elementor-open-lightbox=\"yes\" data-e-action-hash=\"#elementor-action%3Aaction%3Dlightbox%26settings%3DeyJpZCI6MTI5NTQsInVybCI6Imh0dHBzOlwvXC93d3cua3VsdHVya3JlaXMtd2FjaHRlbmRvbmsuZGVcL2Ntc1wvd3AtY29udGVudFwvdXBsb2Fkc1wvMjAyNVwvMDNcLzEwMjRfU2FiaW5lLU1vbGRlcmluZ3MtQmlsZC0xLmpwZyJ9\">\n\t\t\t\t\t\t\t<img loading=\"lazy\" decoding=\"async\" width=\"200\" height=\"200\" src=\"https:\/\/www.kulturkreis-wachtendonk.de\/cms\/wp-content\/uploads\/2025\/03\/1024_Sabine-Molderings-Bild-1-200x200.jpg\" class=\"attachment-thumbnail size-thumbnail wp-image-12954\" alt=\"\" \/>\t\t\t\t\t\t\t\t<\/a>\n\t\t\t\t\t\t\t\t\t\t\t<figcaption class=\"widget-image-caption wp-caption-text\">Sabine Molderings<\/figcaption>\n\t\t\t\t\t\t\t\t\t\t<\/figure>\n\t\t\t\t\t\t\t\t\t<\/div>\n\t\t\t\t<\/div>\n\t\t\t\t<\/div>\n\t\t<div class=\"elementor-element elementor-element-cacc082 e-con-full e-flex e-con e-child\" data-id=\"cacc082\" data-element_type=\"container\" data-e-type=\"container\">\n\t\t\t\t<div class=\"elementor-element elementor-element-11c7f0d elementor-widget elementor-widget-image\" data-id=\"11c7f0d\" data-element_type=\"widget\" data-e-type=\"widget\" data-widget_type=\"image.default\">\n\t\t\t\t<div class=\"elementor-widget-container\">\n\t\t\t\t\t\t\t\t\t\t\t\t<figure class=\"wp-caption\">\n\t\t\t\t\t\t\t\t\t\t\t<a href=\"https:\/\/www.kulturkreis-wachtendonk.de\/cms\/wp-content\/uploads\/2025\/03\/1024_Guenter-Rinkens.jpg\" data-elementor-open-lightbox=\"yes\" data-e-action-hash=\"#elementor-action%3Aaction%3Dlightbox%26settings%3DeyJpZCI6MTI5NTIsInVybCI6Imh0dHBzOlwvXC93d3cua3VsdHVya3JlaXMtd2FjaHRlbmRvbmsuZGVcL2Ntc1wvd3AtY29udGVudFwvdXBsb2Fkc1wvMjAyNVwvMDNcLzEwMjRfR3VlbnRlci1SaW5rZW5zLmpwZyJ9\">\n\t\t\t\t\t\t\t<img loading=\"lazy\" decoding=\"async\" width=\"200\" height=\"200\" src=\"https:\/\/www.kulturkreis-wachtendonk.de\/cms\/wp-content\/uploads\/2025\/03\/1024_Guenter-Rinkens-200x200.jpg\" class=\"attachment-thumbnail size-thumbnail wp-image-12952\" alt=\"\" \/>\t\t\t\t\t\t\t\t<\/a>\n\t\t\t\t\t\t\t\t\t\t\t<figcaption class=\"widget-image-caption wp-caption-text\">G\u00fcnter Rinkens<\/figcaption>\n\t\t\t\t\t\t\t\t\t\t<\/figure>\n\t\t\t\t\t\t\t\t\t<\/div>\n\t\t\t\t<\/div>\n\t\t\t\t<\/div>\n\t\t\t\t\t<\/div>\n\t\t\t\t<\/div>\n\t\t<div class=\"elementor-element elementor-element-efe1742 e-flex e-con-boxed e-con e-parent\" data-id=\"efe1742\" data-element_type=\"container\" data-e-type=\"container\">\n\t\t\t\t\t<div class=\"e-con-inner\">\n\t\t\t\t<div class=\"elementor-element elementor-element-990853f elementor-widget elementor-widget-text-editor\" data-id=\"990853f\" data-element_type=\"widget\" data-e-type=\"widget\" data-widget_type=\"text-editor.default\">\n\t\t\t\t<div class=\"elementor-widget-container\">\n\t\t\t\t\t\t\t\t\t<p>F\u00fcnf K\u00fcnstlerInnen sind f\u00fcr eine Woche zu Gast im Alten Wasserwerk in Wachtendonk (Fliethweg 44) und bieten ein Offenes Atelier:<\/p>\n<p><strong>Brigitte von der Eltz<\/strong>\u00a0m\u00f6chte, inspiriert durch das Wasserwerk und den umgebenden Raum, sich den Gegebenheiten in einem Prozess des spontanen Gestaltens n\u00e4hern. Lineare, fl\u00e4chige und collageartige Elemente k\u00f6nnen auf verschiedenen Papieren, Stoffen, transparenten Folien das vorhandene Licht einfangen.<\/p>\n<p><strong>Marita Gursky<\/strong>\u00a0will ihre urbanen Skizzen mit Tusche und Farbstift durch niederrheinische Einfl\u00fcsse erweitern und sich vom l\u00e4ndlichen Raum und der Natur inspirieren lassen. Inwieweit diese Einfl\u00fcsse umgewandelt werden, ist eine spannende Aktion, auf die sie sich im August freut.<\/p>\n<p><strong>Arnhild Koppe<\/strong>l wird sich schwerpunktm\u00e4\u00dfig dem Drucken per Hand auf verschiedenen Untergr\u00fcnden widmen, arbeitet mit und auf Fundst\u00fccken und Frottage-Strukturen auf Papieren, Holz etc., ggf. erweitert durch Malerei. Angeregt, auch durch Zuf\u00e4lle, m\u00f6chte sie experimentell, intuitiv und spontan auf diese reagieren und daraus weitere k\u00fcnstlerische Absichten entwickeln und verfolgen.<\/p>\n<p><strong>Sabine Molderings<\/strong>\u00a0wird sich in ihrer k\u00fcnstlerischen Arbeit im Offenen Atelier rund um das \u201aAlte Wasserwerk mit der umgebenden Natur befassen. Dabei wird sie sich insbesondere mit den hinterlassenen Spuren und gebildeten Strukturen von Naturdingen auseinandersetzen. Ihre Wahrnehmungen und Eindr\u00fccke stellt sie malerisch dar. Dabei verwendet sie Stoffe und Papier als Malgrund sowie Acrylfarbe, Sand sowie weitere gefundene Materialien.<\/p>\n<p><strong>G\u00fcnter Rinkens<\/strong>\u00a0wird sich beim Offenen Atelier auf Malerei und Druck konzentrieren. Ausgangspunkt der Arbeit sind fotografische Arbeiten, die sich in Bildern und Drucken niederschlagen. Die Grenzen der k\u00fcnstlerischen Verfahren sind dabei flie\u00dfend.<\/p>\n<ul>\n<li>Zeitraum: 18.08. bis 23.08.2025<\/li>\n<li>Mo bis Fr: \u00d6ffentliche Besuchszeiten von 15.30 bis 18.00 Uhr<\/li>\n<li>Sa: Abschlie\u00dfende \u00f6ffentliche Werkschau ab 16.00 Uhr<\/li>\n<li>Der Eintritt ist frei<\/li>\n<\/ul>\t\t\t\t\t\t\t\t<\/div>\n\t\t\t\t<\/div>\n\t\t\t\t\t<\/div>\n\t\t\t\t<\/div>\n\t\t\t\t<\/div>\n\t\t","protected":false},"excerpt":{"rendered":"<p>Brigitte von der Eltz Marita Gursky Arnhild Koppel Sabine Molderings G\u00fcnter Rinkens F\u00fcnf K\u00fcnstlerInnen sind f\u00fcr eine Woche zu Gast im Alten Wasserwerk in Wachtendonk (Fliethweg 44) und bieten ein Offenes Atelier: Brigitte von der Eltz\u00a0m\u00f6chte, inspiriert durch das Wasserwerk und den umgebenden Raum, sich den Gegebenheiten in einem Prozess des spontanen Gestaltens n\u00e4hern. Lineare, &#8230; <\/p>\n<p class=\"read-more-container\"><a title=\"Offenes Atelier vom 18.08. bis 23.08.2025 im Alten Wasserwerk\" class=\"read-more button\" href=\"https:\/\/www.kulturkreis-wachtendonk.de\/cms\/%ef%b8%8e-offenes-atelier-vom-18-08-bis-23-08-2025-im-alten-wasserwerk\/#more-12991\" aria-label=\"Mehr Informationen \u00fcber Offenes Atelier vom 18.08. bis 23.08.2025 im Alten Wasserwerk\">Weiterlesen &#8230;<\/a><\/p>\n","protected":false},"author":4,"featured_media":0,"comment_status":"closed","ping_status":"closed","sticky":false,"template":"","format":"standard","meta":{"footnotes":""},"categories":[16],"tags":[],"class_list":["post-12991","post","type-post","status-publish","format-standard","hentry","category-veranstaltungsarchiv"],"_links":{"self":[{"href":"https:\/\/www.kulturkreis-wachtendonk.de\/cms\/wp-json\/wp\/v2\/posts\/12991","targetHints":{"allow":["GET"]}}],"collection":[{"href":"https:\/\/www.kulturkreis-wachtendonk.de\/cms\/wp-json\/wp\/v2\/posts"}],"about":[{"href":"https:\/\/www.kulturkreis-wachtendonk.de\/cms\/wp-json\/wp\/v2\/types\/post"}],"author":[{"embeddable":true,"href":"https:\/\/www.kulturkreis-wachtendonk.de\/cms\/wp-json\/wp\/v2\/users\/4"}],"replies":[{"embeddable":true,"href":"https:\/\/www.kulturkreis-wachtendonk.de\/cms\/wp-json\/wp\/v2\/comments?post=12991"}],"version-history":[{"count":8,"href":"https:\/\/www.kulturkreis-wachtendonk.de\/cms\/wp-json\/wp\/v2\/posts\/12991\/revisions"}],"predecessor-version":[{"id":13014,"href":"https:\/\/www.kulturkreis-wachtendonk.de\/cms\/wp-json\/wp\/v2\/posts\/12991\/revisions\/13014"}],"wp:attachment":[{"href":"https:\/\/www.kulturkreis-wachtendonk.de\/cms\/wp-json\/wp\/v2\/media?parent=12991"}],"wp:term":[{"taxonomy":"category","embeddable":true,"href":"https:\/\/www.kulturkreis-wachtendonk.de\/cms\/wp-json\/wp\/v2\/categories?post=12991"},{"taxonomy":"post_tag","embeddable":true,"href":"https:\/\/www.kulturkreis-wachtendonk.de\/cms\/wp-json\/wp\/v2\/tags?post=12991"}],"curies":[{"name":"wp","href":"https:\/\/api.w.org\/{rel}","templated":true}]}}