{"id":12802,"date":"2025-01-02T08:45:13","date_gmt":"2025-01-02T07:45:13","guid":{"rendered":"https:\/\/www.kulturkreis-wachtendonk.de\/cms\/?p=12802"},"modified":"2025-01-02T10:56:35","modified_gmt":"2025-01-02T09:56:35","slug":"neujahrskonzert-mit-elmar-lehnen","status":"publish","type":"post","link":"https:\/\/www.kulturkreis-wachtendonk.de\/cms\/neujahrskonzert-mit-elmar-lehnen\/","title":{"rendered":"Neujahrskonzert in Wachtendonk"},"content":{"rendered":"<p><span style=\"color: #800000;\"><strong>Neujahrskonzert mit Elmar Lehnen \u2022 Ort: St. Michael Kirche Wachtendonk \u2022 Mittwoch, 01.01.2025, 17.00 Uhr<\/strong><\/span><\/p>\n<p><img fetchpriority=\"high\" decoding=\"async\" class=\"alignleft wp-image-12811 size-medium\" src=\"https:\/\/www.kulturkreis-wachtendonk.de\/cms\/wp-content\/uploads\/2024\/11\/lehnen_03kl-266x300.jpg\" alt=\"\" width=\"266\" height=\"300\" srcset=\"https:\/\/www.kulturkreis-wachtendonk.de\/cms\/wp-content\/uploads\/2024\/11\/lehnen_03kl-266x300.jpg 266w, https:\/\/www.kulturkreis-wachtendonk.de\/cms\/wp-content\/uploads\/2024\/11\/lehnen_03kl-906x1024.jpg 906w, https:\/\/www.kulturkreis-wachtendonk.de\/cms\/wp-content\/uploads\/2024\/11\/lehnen_03kl-768x868.jpg 768w, https:\/\/www.kulturkreis-wachtendonk.de\/cms\/wp-content\/uploads\/2024\/11\/lehnen_03kl.jpg 1062w\" sizes=\"(max-width: 266px) 100vw, 266px\" \/><\/p>\n<p>Herr Lehnen spielt Werke von Mozart, Bach, Franck, Vierne und Eigeninterpretationen.<\/p>\n<p><strong>Curriculum vitae<\/strong><\/p>\n<p>Elmar Lehnen, geboren in Hinsbeck am Niederrhein, erhielt seinen ersten Orgelunterricht bei Prof. Wolfgang Seifen . Er absolvierte sein Kirchenmusikstudium an der Kirchenmusikschule St. Gregorius-Haus, Aachen, wo er auch sp\u00e4ter im Rahmen der C- Ausbildung Orgel und Chorleitung unterrichtete.<\/p>\n<p>Weitere Studien f\u00fchrten ihn an die Schola cantorum, Paris, zu Prof. Jean-Paul Imbert. Hier schloss er sein \u201ediplome de concert\u201c mit Auszeichnung ab.<\/p>\n<p>Nach zehnj\u00e4hriger T\u00e4tigkeit als Kantor der Pfarre St. Anna, M\u00f6nchengladbach-Windberg, wurde er im Oktober 2000 zum Basilikaorganisten der P\u00e4pstlichen Marienbasilika zu Kevelaer, ernannt.<\/p>\n<p>Seit Januar 2004 leitet er den Chor KALOBRHI, Nettetal, von 2008 &#8211; 2012 den Basilikachor und das Basilikaorchester, Kevelaer, seit 2008 das Blasorchester des Musikvereins, Kevelaer. Ein Schwerpunkt seines Schaffens liegt auch in der Zusammenarbeit mit dem Posaunisten Hansj\u00f6rg Fink und dem Vocalensemble consonanz \u00e0 4, wo er sich auch rege als Komponist bet\u00e4tigt.<\/p>\n<p>H\u00f6hepunkt seines kompositorischen Schaffens ist sicherlich das gro\u00dfe Mysterienspiel \u201eMensch! Maria!\u201c f\u00fcr Sinfonieorchester, Chor und Solisten, was 2017 in Kevelaer uraufgef\u00fchrt wurde<\/p>\n<p>Die musikalische Gestaltung der im Wallfahrtsort t\u00e4glich feierlichen Liturgie, liegt ihm neben seiner regen Konzertt\u00e4tigkeit im In- und Ausland; am meisten am Herzen.<\/p>\n","protected":false},"excerpt":{"rendered":"<p>Neujahrskonzert mit Elmar Lehnen \u2022 Ort: St. Michael Kirche Wachtendonk \u2022 Mittwoch, 01.01.2025, 17.00 Uhr Herr Lehnen spielt Werke von Mozart, Bach, Franck, Vierne und Eigeninterpretationen. Curriculum vitae Elmar Lehnen, geboren in Hinsbeck am Niederrhein, erhielt seinen ersten Orgelunterricht bei Prof. Wolfgang Seifen . Er absolvierte sein Kirchenmusikstudium an der Kirchenmusikschule St. Gregorius-Haus, Aachen, wo &#8230; <\/p>\n<p class=\"read-more-container\"><a title=\"Neujahrskonzert in Wachtendonk\" class=\"read-more button\" href=\"https:\/\/www.kulturkreis-wachtendonk.de\/cms\/neujahrskonzert-mit-elmar-lehnen\/#more-12802\" aria-label=\"Mehr Informationen \u00fcber Neujahrskonzert in Wachtendonk\">Weiterlesen &#8230;<\/a><\/p>\n","protected":false},"author":4,"featured_media":0,"comment_status":"closed","ping_status":"closed","sticky":false,"template":"","format":"standard","meta":{"footnotes":""},"categories":[16],"tags":[],"class_list":["post-12802","post","type-post","status-publish","format-standard","hentry","category-veranstaltungsarchiv"],"_links":{"self":[{"href":"https:\/\/www.kulturkreis-wachtendonk.de\/cms\/wp-json\/wp\/v2\/posts\/12802","targetHints":{"allow":["GET"]}}],"collection":[{"href":"https:\/\/www.kulturkreis-wachtendonk.de\/cms\/wp-json\/wp\/v2\/posts"}],"about":[{"href":"https:\/\/www.kulturkreis-wachtendonk.de\/cms\/wp-json\/wp\/v2\/types\/post"}],"author":[{"embeddable":true,"href":"https:\/\/www.kulturkreis-wachtendonk.de\/cms\/wp-json\/wp\/v2\/users\/4"}],"replies":[{"embeddable":true,"href":"https:\/\/www.kulturkreis-wachtendonk.de\/cms\/wp-json\/wp\/v2\/comments?post=12802"}],"version-history":[{"count":9,"href":"https:\/\/www.kulturkreis-wachtendonk.de\/cms\/wp-json\/wp\/v2\/posts\/12802\/revisions"}],"predecessor-version":[{"id":12854,"href":"https:\/\/www.kulturkreis-wachtendonk.de\/cms\/wp-json\/wp\/v2\/posts\/12802\/revisions\/12854"}],"wp:attachment":[{"href":"https:\/\/www.kulturkreis-wachtendonk.de\/cms\/wp-json\/wp\/v2\/media?parent=12802"}],"wp:term":[{"taxonomy":"category","embeddable":true,"href":"https:\/\/www.kulturkreis-wachtendonk.de\/cms\/wp-json\/wp\/v2\/categories?post=12802"},{"taxonomy":"post_tag","embeddable":true,"href":"https:\/\/www.kulturkreis-wachtendonk.de\/cms\/wp-json\/wp\/v2\/tags?post=12802"}],"curies":[{"name":"wp","href":"https:\/\/api.w.org\/{rel}","templated":true}]}}