{"id":12754,"date":"2024-09-12T08:00:23","date_gmt":"2024-09-12T06:00:23","guid":{"rendered":"https:\/\/www.kulturkreis-wachtendonk.de\/cms\/?p=12754"},"modified":"2024-09-12T12:38:47","modified_gmt":"2024-09-12T10:38:47","slug":"jubilaeumsausstellung-25-jahre-aqua-inkl-auktion","status":"publish","type":"post","link":"https:\/\/www.kulturkreis-wachtendonk.de\/cms\/jubilaeumsausstellung-25-jahre-aqua-inkl-auktion\/","title":{"rendered":"Jubil\u00e4umsausstellung 25 Jahre AQuA"},"content":{"rendered":"<p><strong>Jubil\u00e4umsausstellung 25 Jahre AQuA vom 7. bis zum 8. September 2024<\/strong><\/p>\n<p><strong>Hinweis \u2192 Auktion am 8. September 2024!<\/strong><\/p>\n<p>Das Alte Wasserwerk Wachtendonk besteht in diesem Jahr seit 70 Jahren. Im Jahr 1988 wurde der Betrieb eingestellt. Vor 25 Jahren zog neues Leben in das alte, vom Verfall bedrohte Geb\u00e4ude.<\/p>\n<p>Die Gruppe AquA k\u00fcmmerte sich um die Instandsetzung und begann, erste Ausstellungen zu organisieren und durchzuf\u00fchren.<\/p>\n<p>Diese Ereignisse m\u00f6chten wir in einem angemessenen Rahmen am 7. und 8. September 2024 in der Zeit <strong>von 11:00 Uhr bis 18:00 Uhr<\/strong> feiern. Der Eintritt zu beiden Veranstaltungen ist frei!<\/p>\n<p><strong>Samstag 7. September 2024<\/strong><\/p>\n<p>11:00 Uhr Begr\u00fc\u00dfung<br \/>\nB\u00fcrgermeister, Vertreter der Gemeindewerke, des Kulturkreises &amp; der Gruppe AquA<br \/>\nMusikalische Begleitung R\u00fcdiger Pechan<\/p>\n<p>Er\u00f6ffnung der Ausstellung<br \/>\nK\u00fcnstlerinnen und K\u00fcnstler, die bislang im Alten Wasserwerk aktiv waren, pr\u00e4sentieren eins ihrer Werke.<\/p>\n<p>12:30 Uhr \u201eLyrik a la Card\u201c<br \/>\nUlrike G\u00f6ttlich mit R\u00fcdiger Pechan<\/p>\n<p>15:00 Uhr \u201eBaumgespr\u00e4che\u201c<br \/>\nMusikalisch literarischer Beitrag in verschiedenen Sprachen<br \/>\nFrank Preu\u00df &amp; Yasar Ates, Ulrich Freyer -Wirtz, Sabine Knapp-Hartmann, Anna May, Ma Mi, Imran Sevis und Gabi Sevis<\/p>\n<p>17:00 Uhr \u201eWesen\u201c<br \/>\nKlanglandschaft<br \/>\nFrank Preu\u00df &amp; Barbara Beckmann, Arnd Koukal &amp; Anna May<\/p>\n<p><strong>Sonntag 8. September 2024<\/strong><\/p>\n<p>11:00 Uhr \u201eLesung aus Die Verschwundenen von Paris\u201c<br \/>\nUlrike D\u00f6mkes mit Uli Amann<\/p>\n<p>15:00 Uhr \u201eAuktion\u201c<br \/>\nder von \u00fcber 50 K\u00fcnstlerinnen und K\u00fcnstlern zu Gunsten des Alten Wasserwerkes \u00fcberlassenen Werke.<br \/>\nAuktionator Matthias St\u00fcrmlinger<\/p>\n<p>Der <strong>Auktionskatalog<\/strong> ist als \u2192 <span style=\"text-decoration: underline;\"><a href=\"https:\/\/www.kulturkreis-wachtendonk.de\/cms\/wp-content\/uploads\/2024\/07\/Auktionskatalog_1_opt.pdf\" target=\"_blank\" rel=\"noopener\">PDF-Datei online abrufbar<\/a><\/span>. An der Auktion kann man auch, ohne pers\u00f6nlich am Auktionstag anwesend zu sein, teilnehmen. Vorab kann ein schriftliches Gebot abgegeben werden.<\/p>\n<p><strong>N\u00e4here Hinweise<\/strong> hierzu finden Sie \u2192 <a href=\"https:\/\/www.kulturkreis-wachtendonk.de\/cms\/wp-content\/uploads\/2024\/07\/auktion_kkw.jpg\" target=\"_blank\" rel=\"noopener\">HIER [PDF-Datei]<\/a> und auch im Anhang des \u2192 <a href=\"https:\/\/www.kulturkreis-wachtendonk.de\/cms\/wp-content\/uploads\/2024\/07\/Auktionskatalog_1_opt.pdf\" target=\"_blank\" rel=\"noopener\">Auktionskataloges<\/a>.<\/p>\n","protected":false},"excerpt":{"rendered":"<p>Jubil\u00e4umsausstellung 25 Jahre AQuA vom 7. bis zum 8. September 2024 Hinweis \u2192 Auktion am 8. September 2024! Das Alte Wasserwerk Wachtendonk besteht in diesem Jahr seit 70 Jahren. Im Jahr 1988 wurde der Betrieb eingestellt. Vor 25 Jahren zog neues Leben in das alte, vom Verfall bedrohte Geb\u00e4ude. Die Gruppe AquA k\u00fcmmerte sich um &#8230; <\/p>\n<p class=\"read-more-container\"><a title=\"Jubil\u00e4umsausstellung 25 Jahre AQuA\" class=\"read-more button\" href=\"https:\/\/www.kulturkreis-wachtendonk.de\/cms\/jubilaeumsausstellung-25-jahre-aqua-inkl-auktion\/#more-12754\" aria-label=\"Mehr Informationen \u00fcber Jubil\u00e4umsausstellung 25 Jahre AQuA\">Weiterlesen &#8230;<\/a><\/p>\n","protected":false},"author":4,"featured_media":0,"comment_status":"closed","ping_status":"closed","sticky":false,"template":"","format":"standard","meta":{"footnotes":""},"categories":[16],"tags":[],"class_list":["post-12754","post","type-post","status-publish","format-standard","hentry","category-veranstaltungsarchiv"],"_links":{"self":[{"href":"https:\/\/www.kulturkreis-wachtendonk.de\/cms\/wp-json\/wp\/v2\/posts\/12754","targetHints":{"allow":["GET"]}}],"collection":[{"href":"https:\/\/www.kulturkreis-wachtendonk.de\/cms\/wp-json\/wp\/v2\/posts"}],"about":[{"href":"https:\/\/www.kulturkreis-wachtendonk.de\/cms\/wp-json\/wp\/v2\/types\/post"}],"author":[{"embeddable":true,"href":"https:\/\/www.kulturkreis-wachtendonk.de\/cms\/wp-json\/wp\/v2\/users\/4"}],"replies":[{"embeddable":true,"href":"https:\/\/www.kulturkreis-wachtendonk.de\/cms\/wp-json\/wp\/v2\/comments?post=12754"}],"version-history":[{"count":16,"href":"https:\/\/www.kulturkreis-wachtendonk.de\/cms\/wp-json\/wp\/v2\/posts\/12754\/revisions"}],"predecessor-version":[{"id":12772,"href":"https:\/\/www.kulturkreis-wachtendonk.de\/cms\/wp-json\/wp\/v2\/posts\/12754\/revisions\/12772"}],"wp:attachment":[{"href":"https:\/\/www.kulturkreis-wachtendonk.de\/cms\/wp-json\/wp\/v2\/media?parent=12754"}],"wp:term":[{"taxonomy":"category","embeddable":true,"href":"https:\/\/www.kulturkreis-wachtendonk.de\/cms\/wp-json\/wp\/v2\/categories?post=12754"},{"taxonomy":"post_tag","embeddable":true,"href":"https:\/\/www.kulturkreis-wachtendonk.de\/cms\/wp-json\/wp\/v2\/tags?post=12754"}],"curies":[{"name":"wp","href":"https:\/\/api.w.org\/{rel}","templated":true}]}}