{"id":12648,"date":"2024-07-02T10:00:51","date_gmt":"2024-07-02T08:00:51","guid":{"rendered":"https:\/\/www.kulturkreis-wachtendonk.de\/cms\/?p=12648"},"modified":"2024-07-02T14:48:01","modified_gmt":"2024-07-02T12:48:01","slug":"ausstellung-abstrakte-fotografie","status":"publish","type":"post","link":"https:\/\/www.kulturkreis-wachtendonk.de\/cms\/ausstellung-abstrakte-fotografie\/","title":{"rendered":"Ausstellung Abstrakte Fotografie"},"content":{"rendered":"<p><span style=\"color: #800000;\"><strong>21.06. \u2013 30.06.2024 im Alten Wasserwerk Wachtendonk<\/strong><\/span><\/p>\n<p>Klaus Meyer-B\u00f6ving, Jahrgang 1957, geb. in Orsoy am Niederrhein ist freiberuflicher Innenarchitekt, lebt und arbeitet in Issum-Sevelen. Mit der Fotografie besch\u00e4ftigt er sich seit seiner Schulzeit, mit k\u00fcnstlerischer Fotografie seit ca. 10 Jahren. Inzwischen hat er seine beruflichen Aktivit\u00e4ten auf ein Minimum reduziert und befasst sich \u00fcberwiegend mit k\u00fcnstlerischer Fotografie.<\/p>\n<p><a href=\"https:\/\/www.kulturkreis-wachtendonk.de\/cms\/wp-content\/uploads\/2024\/03\/Meyer-Boeving-2024a_1600.jpg\"><img fetchpriority=\"high\" decoding=\"async\" class=\"alignleft size-medium wp-image-12649\" src=\"https:\/\/www.kulturkreis-wachtendonk.de\/cms\/wp-content\/uploads\/2024\/03\/Meyer-Boeving-2024a_1600-300x200.jpg\" alt=\"\" width=\"300\" height=\"200\" srcset=\"https:\/\/www.kulturkreis-wachtendonk.de\/cms\/wp-content\/uploads\/2024\/03\/Meyer-Boeving-2024a_1600-300x200.jpg 300w, https:\/\/www.kulturkreis-wachtendonk.de\/cms\/wp-content\/uploads\/2024\/03\/Meyer-Boeving-2024a_1600-1024x683.jpg 1024w, https:\/\/www.kulturkreis-wachtendonk.de\/cms\/wp-content\/uploads\/2024\/03\/Meyer-Boeving-2024a_1600-768x512.jpg 768w, https:\/\/www.kulturkreis-wachtendonk.de\/cms\/wp-content\/uploads\/2024\/03\/Meyer-Boeving-2024a_1600-1536x1024.jpg 1536w, https:\/\/www.kulturkreis-wachtendonk.de\/cms\/wp-content\/uploads\/2024\/03\/Meyer-Boeving-2024a_1600-1320x880.jpg 1320w, https:\/\/www.kulturkreis-wachtendonk.de\/cms\/wp-content\/uploads\/2024\/03\/Meyer-Boeving-2024a_1600.jpg 1600w\" sizes=\"(max-width: 300px) 100vw, 300px\" \/><\/a><strong>Konzeptidee<\/strong>:<br \/>\nEr m\u00f6chte mit seinen Fotos die Grundideen der informellen Malerei und der geometrischen Abstraktion zum Ausdruck bringen. Es geht also nicht um eine pr\u00e4zise Darstellung der optischen Realit\u00e4t, sondern Farben, Formen, Linien und ihre Wechselwirkung zueinander bestimmen die Kommunikation mit dem Betrachter. In der Malerei entsteht das durch das Auftragen von Farben auf verschiedene Untergr\u00fcnde. Auf seinen Fotos ergeben sich diese Kompositionen durch chemische oder physikalische Verwitterungs- und Alterungsprozesse. Er findet diese Motive z.B. an alten Hausfassaden, in Abrissh\u00e4usern, auf Industrieanlagen oder alten Bootsr\u00fcmpfen. Rost, Patina, abbr\u00f6ckelnder Putz und Farbabtragungen lassen neue, eigenst\u00e4ndige Motive hervortreten.<\/p>\n<p>Als Innenarchitekt war es lange Zeit sein Anspruch, m\u00f6glichst genaue Wiedergaben von Geb\u00e4uden und Innenr\u00e4umen zu schaffen. Im Laufe der Zeit \u00e4nderten sich seine Sehgewohnheiten und er konzentrierte sich mehr und mehr auf einzelne Ausschnitte der Objekte und n\u00e4herte sich ihnen. So l\u00f6sten sich die Motive vom Gegenst\u00e4ndlichen und wurden zu abstrakten Bildern.<\/p>\n<p>Das Alte Wasserwerk ist ein idealer Ausstellungsort, da hier neben ansprechender zweckgebundener Architektur auch der Charme des Verg\u00e4nglichen zu sp\u00fcren ist. Auch am und im Wasserwerk lassen sich spannende Motive finden.<\/p>\n<p>Besucher sind zu folgenden Zeiten herzlich willkommen:<\/p>\n<ul>\n<li>Freitag, 21.06. Er\u00f6ffnung\/Vernissage 17 bis 20 Uhr<\/li>\n<li>Samstag, 22.06. 12 bis 18 Uhr<\/li>\n<li>Sonntag, 23.06. 12 bis 18 Uhr<\/li>\n<li>Freitag, 28.06. 15 bis 20 Uhr<\/li>\n<li>Samstag, 29.06. 12 bis 18 Uhr<\/li>\n<li>Sonntag, 30.06. 12 bis 18 Uhr<\/li>\n<\/ul>\n","protected":false},"excerpt":{"rendered":"<p>21.06. \u2013 30.06.2024 im Alten Wasserwerk Wachtendonk Klaus Meyer-B\u00f6ving, Jahrgang 1957, geb. in Orsoy am Niederrhein ist freiberuflicher Innenarchitekt, lebt und arbeitet in Issum-Sevelen. Mit der Fotografie besch\u00e4ftigt er sich seit seiner Schulzeit, mit k\u00fcnstlerischer Fotografie seit ca. 10 Jahren. Inzwischen hat er seine beruflichen Aktivit\u00e4ten auf ein Minimum reduziert und befasst sich \u00fcberwiegend mit &#8230; <\/p>\n<p class=\"read-more-container\"><a title=\"Ausstellung Abstrakte Fotografie\" class=\"read-more button\" href=\"https:\/\/www.kulturkreis-wachtendonk.de\/cms\/ausstellung-abstrakte-fotografie\/#more-12648\" aria-label=\"Mehr Informationen \u00fcber Ausstellung Abstrakte Fotografie\">Weiterlesen &#8230;<\/a><\/p>\n","protected":false},"author":4,"featured_media":0,"comment_status":"closed","ping_status":"closed","sticky":false,"template":"","format":"standard","meta":{"footnotes":""},"categories":[16],"tags":[],"class_list":["post-12648","post","type-post","status-publish","format-standard","hentry","category-veranstaltungsarchiv"],"_links":{"self":[{"href":"https:\/\/www.kulturkreis-wachtendonk.de\/cms\/wp-json\/wp\/v2\/posts\/12648","targetHints":{"allow":["GET"]}}],"collection":[{"href":"https:\/\/www.kulturkreis-wachtendonk.de\/cms\/wp-json\/wp\/v2\/posts"}],"about":[{"href":"https:\/\/www.kulturkreis-wachtendonk.de\/cms\/wp-json\/wp\/v2\/types\/post"}],"author":[{"embeddable":true,"href":"https:\/\/www.kulturkreis-wachtendonk.de\/cms\/wp-json\/wp\/v2\/users\/4"}],"replies":[{"embeddable":true,"href":"https:\/\/www.kulturkreis-wachtendonk.de\/cms\/wp-json\/wp\/v2\/comments?post=12648"}],"version-history":[{"count":3,"href":"https:\/\/www.kulturkreis-wachtendonk.de\/cms\/wp-json\/wp\/v2\/posts\/12648\/revisions"}],"predecessor-version":[{"id":12741,"href":"https:\/\/www.kulturkreis-wachtendonk.de\/cms\/wp-json\/wp\/v2\/posts\/12648\/revisions\/12741"}],"wp:attachment":[{"href":"https:\/\/www.kulturkreis-wachtendonk.de\/cms\/wp-json\/wp\/v2\/media?parent=12648"}],"wp:term":[{"taxonomy":"category","embeddable":true,"href":"https:\/\/www.kulturkreis-wachtendonk.de\/cms\/wp-json\/wp\/v2\/categories?post=12648"},{"taxonomy":"post_tag","embeddable":true,"href":"https:\/\/www.kulturkreis-wachtendonk.de\/cms\/wp-json\/wp\/v2\/tags?post=12648"}],"curies":[{"name":"wp","href":"https:\/\/api.w.org\/{rel}","templated":true}]}}