{"id":12558,"date":"2024-07-14T18:00:26","date_gmt":"2024-07-14T16:00:26","guid":{"rendered":"https:\/\/www.kulturkreis-wachtendonk.de\/cms\/?p=12558"},"modified":"2024-07-14T18:53:15","modified_gmt":"2024-07-14T16:53:15","slug":"lese-konzert-fuer-gross-und-klein","status":"publish","type":"post","link":"https:\/\/www.kulturkreis-wachtendonk.de\/cms\/lese-konzert-fuer-gross-und-klein\/","title":{"rendered":"LESE-KONZERT f\u00fcr Gro\u00df und Klein"},"content":{"rendered":"<p><span style=\"color: #800000;\"><strong>Lese-Konzert \u2022 Sonntag, 14. Juli 2024 \u2022 Naturparkzentrum Haus P\u00fcllen<\/strong><\/span><\/p>\n<figure id=\"attachment_12560\" aria-describedby=\"caption-attachment-12560\" style=\"width: 223px\" class=\"wp-caption alignleft\"><a href=\"https:\/\/www.kulturkreis-wachtendonk.de\/cms\/wp-content\/uploads\/2024\/03\/Sebastian-Polmans_1000px_V2.jpg\"><img fetchpriority=\"high\" decoding=\"async\" class=\"wp-image-12560 size-medium\" src=\"https:\/\/www.kulturkreis-wachtendonk.de\/cms\/wp-content\/uploads\/2024\/03\/Sebastian-Polmans_1000px_V2-233x300.jpg\" alt=\"\" width=\"233\" height=\"300\" srcset=\"https:\/\/www.kulturkreis-wachtendonk.de\/cms\/wp-content\/uploads\/2024\/03\/Sebastian-Polmans_1000px_V2-233x300.jpg 233w, https:\/\/www.kulturkreis-wachtendonk.de\/cms\/wp-content\/uploads\/2024\/03\/Sebastian-Polmans_1000px_V2.jpg 666w\" sizes=\"(max-width: 233px) 100vw, 233px\" \/><\/a><figcaption id=\"caption-attachment-12560\" class=\"wp-caption-text\">Foto \u00a9 Marlene Polman<\/figcaption><\/figure>\n<p>Sebastian Polmans, geboren 1982 in Neuwerk am Niederrhein, malt, schreibt und macht gerne Musik. Er liebt Worte und Zahlen und die Natur.<\/p>\n<p>Und er genie\u00dft es immer wieder, mit seinen kleinen Werken Kinder und Erwachsene zu einer vers\u00f6hnlichen und freudvollen Selbst- und Weltsicht zu inspirieren.<\/p>\n<p>Auf Einladung des Naturparks Schwalm-Nette und des Kulturkreis Wachtendonk ist der Autor, Illustrator und Musiker zu Gast im Naturparkzentrum Haus P\u00fcllen, Feldstr. 35, Wachtendonk.<\/p>\n<p>Er ist gleich zweimal zu erleben, und zwar um 13 Uhr und um 16 Uhr.\u00a0<strong>Der Eintritt ist frei<\/strong>.<\/p>\n<p>Parallel findet an diesem Sonntag der B\u00fccherbummel der Werbegemeinschaft \u201eWir f\u00fcr Wachtendonk und Wankum\u201c im historischen Ortskern statt.<\/p>\n","protected":false},"excerpt":{"rendered":"<p>Lese-Konzert \u2022 Sonntag, 14. Juli 2024 \u2022 Naturparkzentrum Haus P\u00fcllen Sebastian Polmans, geboren 1982 in Neuwerk am Niederrhein, malt, schreibt und macht gerne Musik. Er liebt Worte und Zahlen und die Natur. Und er genie\u00dft es immer wieder, mit seinen kleinen Werken Kinder und Erwachsene zu einer vers\u00f6hnlichen und freudvollen Selbst- und Weltsicht zu inspirieren. &#8230; <\/p>\n<p class=\"read-more-container\"><a title=\"LESE-KONZERT f\u00fcr Gro\u00df und Klein\" class=\"read-more button\" href=\"https:\/\/www.kulturkreis-wachtendonk.de\/cms\/lese-konzert-fuer-gross-und-klein\/#more-12558\" aria-label=\"Mehr Informationen \u00fcber LESE-KONZERT f\u00fcr Gro\u00df und Klein\">Weiterlesen &#8230;<\/a><\/p>\n","protected":false},"author":4,"featured_media":0,"comment_status":"closed","ping_status":"closed","sticky":false,"template":"","format":"standard","meta":{"footnotes":""},"categories":[16],"tags":[],"class_list":["post-12558","post","type-post","status-publish","format-standard","hentry","category-veranstaltungsarchiv"],"_links":{"self":[{"href":"https:\/\/www.kulturkreis-wachtendonk.de\/cms\/wp-json\/wp\/v2\/posts\/12558","targetHints":{"allow":["GET"]}}],"collection":[{"href":"https:\/\/www.kulturkreis-wachtendonk.de\/cms\/wp-json\/wp\/v2\/posts"}],"about":[{"href":"https:\/\/www.kulturkreis-wachtendonk.de\/cms\/wp-json\/wp\/v2\/types\/post"}],"author":[{"embeddable":true,"href":"https:\/\/www.kulturkreis-wachtendonk.de\/cms\/wp-json\/wp\/v2\/users\/4"}],"replies":[{"embeddable":true,"href":"https:\/\/www.kulturkreis-wachtendonk.de\/cms\/wp-json\/wp\/v2\/comments?post=12558"}],"version-history":[{"count":6,"href":"https:\/\/www.kulturkreis-wachtendonk.de\/cms\/wp-json\/wp\/v2\/posts\/12558\/revisions"}],"predecessor-version":[{"id":12670,"href":"https:\/\/www.kulturkreis-wachtendonk.de\/cms\/wp-json\/wp\/v2\/posts\/12558\/revisions\/12670"}],"wp:attachment":[{"href":"https:\/\/www.kulturkreis-wachtendonk.de\/cms\/wp-json\/wp\/v2\/media?parent=12558"}],"wp:term":[{"taxonomy":"category","embeddable":true,"href":"https:\/\/www.kulturkreis-wachtendonk.de\/cms\/wp-json\/wp\/v2\/categories?post=12558"},{"taxonomy":"post_tag","embeddable":true,"href":"https:\/\/www.kulturkreis-wachtendonk.de\/cms\/wp-json\/wp\/v2\/tags?post=12558"}],"curies":[{"name":"wp","href":"https:\/\/api.w.org\/{rel}","templated":true}]}}