{"id":12554,"date":"2024-09-18T12:00:45","date_gmt":"2024-09-18T10:00:45","guid":{"rendered":"https:\/\/www.kulturkreis-wachtendonk.de\/cms\/?p=12554"},"modified":"2024-09-24T16:26:20","modified_gmt":"2024-09-24T14:26:20","slug":"kulturkreis-bei-kultur-fuer-kids","status":"publish","type":"post","link":"https:\/\/www.kulturkreis-wachtendonk.de\/cms\/kulturkreis-bei-kultur-fuer-kids\/","title":{"rendered":"Kulturkreis bei \u201eKULTUR F\u00dcR KIDS\u201c"},"content":{"rendered":"<p><span style=\"color: #800000;\"><strong>Kultur f\u00fcr Kids \u2022 Clown Wolfelino \u2022 Sonntag, 15.09.2024, ab 13 Uhr \u2022 Ort: Schulhof der Grundschule Wankum, Schulhof 2<\/strong><\/span><\/p>\n<p><a href=\"https:\/\/www.kulturkreis-wachtendonk.de\/cms\/wp-content\/uploads\/2024\/03\/Wolfelino_mit_Hund_1000px.jpg\"><img fetchpriority=\"high\" decoding=\"async\" class=\"alignleft size-medium wp-image-12555\" src=\"https:\/\/www.kulturkreis-wachtendonk.de\/cms\/wp-content\/uploads\/2024\/03\/Wolfelino_mit_Hund_1000px-200x300.jpg\" alt=\"\" width=\"200\" height=\"300\" srcset=\"https:\/\/www.kulturkreis-wachtendonk.de\/cms\/wp-content\/uploads\/2024\/03\/Wolfelino_mit_Hund_1000px-200x300.jpg 200w, https:\/\/www.kulturkreis-wachtendonk.de\/cms\/wp-content\/uploads\/2024\/03\/Wolfelino_mit_Hund_1000px.jpg 666w\" sizes=\"(max-width: 200px) 100vw, 200px\" \/><\/a>Erstmals wird von der Gemeinde Wachtendonk auf dem Schulhof der Grundschule Wankum eine Aktion f\u00fcr Familien mit Kindern angeboten. Der Kulturkreis Wachtendonk beteiligt sich als Verein mit einem Auftritt des\u00a0Clowns Wolfelino an dem Event.<\/p>\n<p><strong>Clown Wolfelino<\/strong> kommt aus Willich, er tritt \u00fcberall dort auf, wo Stimmung erwartet wird; er tourt durch ganz Deutschland.<\/p>\n<p>Wolfelino pr\u00e4sentiert phantasievolle Clownerie mit Musik, kuriose Zaubereien und ist als Stelzenl\u00e4ufer unterwegs und mischt sich unter das Publikum.<\/p>\n<p>Das ausgefeilte Ballonprogramm mit immer neuen Variationen und verbl\u00fcffenden Resultaten bringt Gross und Klein zum Strahlen und Lachen. Aus langen d\u00fcnnen Ballons formt Wolfelino lustige Figuren nach den W\u00fcnschen der Besucher. Ob Dino, ob Raupe, jeder Wunsch wird erf\u00fcllt.<\/p>\n","protected":false},"excerpt":{"rendered":"<p>Kultur f\u00fcr Kids \u2022 Clown Wolfelino \u2022 Sonntag, 15.09.2024, ab 13 Uhr \u2022 Ort: Schulhof der Grundschule Wankum, Schulhof 2 Erstmals wird von der Gemeinde Wachtendonk auf dem Schulhof der Grundschule Wankum eine Aktion f\u00fcr Familien mit Kindern angeboten. Der Kulturkreis Wachtendonk beteiligt sich als Verein mit einem Auftritt des\u00a0Clowns Wolfelino an dem Event. Clown &#8230; <\/p>\n<p class=\"read-more-container\"><a title=\"Kulturkreis bei \u201eKULTUR F\u00dcR KIDS\u201c\" class=\"read-more button\" href=\"https:\/\/www.kulturkreis-wachtendonk.de\/cms\/kulturkreis-bei-kultur-fuer-kids\/#more-12554\" aria-label=\"Mehr Informationen \u00fcber Kulturkreis bei \u201eKULTUR F\u00dcR KIDS\u201c\">Weiterlesen &#8230;<\/a><\/p>\n","protected":false},"author":4,"featured_media":0,"comment_status":"closed","ping_status":"closed","sticky":false,"template":"","format":"standard","meta":{"footnotes":""},"categories":[16],"tags":[],"class_list":["post-12554","post","type-post","status-publish","format-standard","hentry","category-veranstaltungsarchiv"],"_links":{"self":[{"href":"https:\/\/www.kulturkreis-wachtendonk.de\/cms\/wp-json\/wp\/v2\/posts\/12554","targetHints":{"allow":["GET"]}}],"collection":[{"href":"https:\/\/www.kulturkreis-wachtendonk.de\/cms\/wp-json\/wp\/v2\/posts"}],"about":[{"href":"https:\/\/www.kulturkreis-wachtendonk.de\/cms\/wp-json\/wp\/v2\/types\/post"}],"author":[{"embeddable":true,"href":"https:\/\/www.kulturkreis-wachtendonk.de\/cms\/wp-json\/wp\/v2\/users\/4"}],"replies":[{"embeddable":true,"href":"https:\/\/www.kulturkreis-wachtendonk.de\/cms\/wp-json\/wp\/v2\/comments?post=12554"}],"version-history":[{"count":5,"href":"https:\/\/www.kulturkreis-wachtendonk.de\/cms\/wp-json\/wp\/v2\/posts\/12554\/revisions"}],"predecessor-version":[{"id":12793,"href":"https:\/\/www.kulturkreis-wachtendonk.de\/cms\/wp-json\/wp\/v2\/posts\/12554\/revisions\/12793"}],"wp:attachment":[{"href":"https:\/\/www.kulturkreis-wachtendonk.de\/cms\/wp-json\/wp\/v2\/media?parent=12554"}],"wp:term":[{"taxonomy":"category","embeddable":true,"href":"https:\/\/www.kulturkreis-wachtendonk.de\/cms\/wp-json\/wp\/v2\/categories?post=12554"},{"taxonomy":"post_tag","embeddable":true,"href":"https:\/\/www.kulturkreis-wachtendonk.de\/cms\/wp-json\/wp\/v2\/tags?post=12554"}],"curies":[{"name":"wp","href":"https:\/\/api.w.org\/{rel}","templated":true}]}}