{"id":12520,"date":"2024-07-14T18:30:01","date_gmt":"2024-07-14T16:30:01","guid":{"rendered":"https:\/\/www.kulturkreis-wachtendonk.de\/cms\/?p=12520"},"modified":"2024-07-14T18:52:15","modified_gmt":"2024-07-14T16:52:15","slug":"grosses-folk-event-auf-dem-friedensplatz","status":"publish","type":"post","link":"https:\/\/www.kulturkreis-wachtendonk.de\/cms\/grosses-folk-event-auf-dem-friedensplatz\/","title":{"rendered":"Gro\u00dfes FOLK EVENT am Friedensplatz"},"content":{"rendered":"<p><span style=\"color: #800000;\"><strong>Gro\u00dfes Folk Event in Wachtendonk am Friedensplatz \u2022 Sonntag, 14. Juli 2024<\/strong><\/span><\/p>\n<p><a href=\"https:\/\/www.kulturkreis-wachtendonk.de\/cms\/wp-content\/uploads\/2024\/03\/Eigenartig_2024_2_1500px.jpg\"><img fetchpriority=\"high\" decoding=\"async\" class=\"alignleft wp-image-12544 size-medium\" src=\"https:\/\/www.kulturkreis-wachtendonk.de\/cms\/wp-content\/uploads\/2024\/03\/Eigenartig_2024_2_1500px-300x200.jpg\" alt=\"\" width=\"300\" height=\"200\" srcset=\"https:\/\/www.kulturkreis-wachtendonk.de\/cms\/wp-content\/uploads\/2024\/03\/Eigenartig_2024_2_1500px-300x200.jpg 300w, https:\/\/www.kulturkreis-wachtendonk.de\/cms\/wp-content\/uploads\/2024\/03\/Eigenartig_2024_2_1500px-1024x683.jpg 1024w, https:\/\/www.kulturkreis-wachtendonk.de\/cms\/wp-content\/uploads\/2024\/03\/Eigenartig_2024_2_1500px-768x512.jpg 768w, https:\/\/www.kulturkreis-wachtendonk.de\/cms\/wp-content\/uploads\/2024\/03\/Eigenartig_2024_2_1500px-1320x880.jpg 1320w, https:\/\/www.kulturkreis-wachtendonk.de\/cms\/wp-content\/uploads\/2024\/03\/Eigenartig_2024_2_1500px.jpg 1500w\" sizes=\"(max-width: 300px) 100vw, 300px\" \/><\/a>In Wachtendonk gibt es eine \u00e4u\u00dferst aktive Folk-Szene, die sich regelm\u00e4\u00dfig in der Altdeutschen Gastst\u00e4tte B\u00fcskens zu gemeinsamen Sessions trifft und im Sommer auf der Weinstra\u00dfe f\u00fcr Unterhaltung sorgt.<\/p>\n<p>Hieran ankn\u00fcpfend und aufgrund der guten Resonanz wird es wieder ein gro\u00dfes Folk-Event am Friedensplatz geben.<\/p>\n<p>Auf gro\u00dfer B\u00fchne werden, beginnend ab 11 Uhr, nacheinander mehrere K\u00fcnstler und Bands auftreten, die musikalisch \u201eihre Heimat im Folk haben\u201c.<\/p>\n<p>Bei diesem tollen Event ist <strong>Eintritt frei!<\/strong> F\u00fcr das leibliche Wohl ist gesorgt.<\/p>\n<p>Folgende Auftrittsfolge ist geplant:<\/p>\n<ul>\n<li><strong>11.00 \u2013 12.00 Uhr Meeting of waters<\/strong><\/li>\n<li>Umbau-Pause<\/li>\n<li><strong>12.30 \u2013 13.30 Uhr Eigenartig akustisches Quartett<\/strong><\/li>\n<li>Umbau-Pause<\/li>\n<li><strong>14.00 \u2013 15.00 Uhr Duo Fine Tune<\/strong><\/li>\n<li>Umbau-Pause<\/li>\n<li><strong>15.30 \u2013 16.30 Uhr O\u00b4Son do Bao<\/strong><\/li>\n<li>Pause<\/li>\n<li><strong>17.00 \u2013 18.00 Uhr O\u00b4Son do Bao<\/strong><\/li>\n<\/ul>\n<p><!--more-->Details zu den auftretenden K\u00fcnstlern:<\/p>\n<p><strong><span style=\"color: #800000;\">\u2022 <\/span>Meeting of waters (11.00 \u2013 12.00 Uhr)<\/strong><\/p>\n<p>&#8222;Meeting of the waters&#8220; &#8211; So nennt man in Irland das Zusammentreffen zweier Gew\u00e4sser. Nun wohnt Steffi Budde an den Ufern der Lippe, w\u00e4hrend Mick Haering am Rheindeich zuhause ist. Also noch ein &#8222;Meeting of the waters&#8220;!<\/p>\n<p>Das Repertoire umfasst neben der traditionellen irischen Tanzmusik auch Songs von den gr\u00fcnen Inseln sowie internationale Coverversionen bekannter Hits. Gerne wird das alles zur \u00dcberraschung des Publikums auch gekonnt miteinander verwebt.<\/p>\n<p>Das spiel- und auftrittserfahrene Duo tritt in Pubs, auf Festivals und Stra\u00dfenfesten sowie auf den Kleinkunstb\u00fchnen der Republik auf und erfreut jedes Mal mit der frischen Musik und seiner mitnehmenden B\u00fchnenpr\u00e4senz.<\/p>\n<p><strong><span style=\"color: #800000;\">\u2022 <\/span>Eigenartig akustisches Quartett (12.30 \u2013 13.30 Uhr)<\/strong><\/p>\n<p><a href=\"https:\/\/www.kulturkreis-wachtendonk.de\/cms\/wp-content\/uploads\/2024\/03\/Eigenartig_2024_1_1500px.jpg\"><img decoding=\"async\" class=\"alignleft size-medium wp-image-12524\" src=\"https:\/\/www.kulturkreis-wachtendonk.de\/cms\/wp-content\/uploads\/2024\/03\/Eigenartig_2024_1_1500px-300x200.jpg\" alt=\"\" width=\"300\" height=\"200\" srcset=\"https:\/\/www.kulturkreis-wachtendonk.de\/cms\/wp-content\/uploads\/2024\/03\/Eigenartig_2024_1_1500px-300x200.jpg 300w, https:\/\/www.kulturkreis-wachtendonk.de\/cms\/wp-content\/uploads\/2024\/03\/Eigenartig_2024_1_1500px-1024x683.jpg 1024w, https:\/\/www.kulturkreis-wachtendonk.de\/cms\/wp-content\/uploads\/2024\/03\/Eigenartig_2024_1_1500px-768x512.jpg 768w, https:\/\/www.kulturkreis-wachtendonk.de\/cms\/wp-content\/uploads\/2024\/03\/Eigenartig_2024_1_1500px-1320x880.jpg 1320w, https:\/\/www.kulturkreis-wachtendonk.de\/cms\/wp-content\/uploads\/2024\/03\/Eigenartig_2024_1_1500px.jpg 1500w\" sizes=\"(max-width: 300px) 100vw, 300px\" \/><\/a>&#8222;Eigenartig&#8220;, ein Quartett vom linken Niederrhein, das in rein akustischer Besetzung Folk der verschiedensten Stilrichtungen spielt.<\/p>\n<p>Mit Geige, Gitarre, Kontrabass, Mandoline, Akkordeon, orientalischer Laute und weiteren Instrumenten pr\u00e4sentieren wir Lieder in deutscher Sprache, mit teils humorvollen, aber auch nachdenklichen und philosophischen Texten.<\/p>\n<p>Godehard Reul, Manfred Efler, Heinz L\u00f6tters und Ralf Raber sind \u201eEigenartig\u201c.<\/p>\n<p>Neben dem gelungenen musikalischen Vortrag kommt auch der Spa\u00df auf der B\u00fchne nicht zu kurz. Zuh\u00f6ren lohnt sich!<\/p>\n<p><strong><span style=\"color: #800000;\">\u2022 <\/span>Fine Tune (14.00 \u2013 15.00 Uhr)<\/strong><\/p>\n<p><a href=\"https:\/\/www.kulturkreis-wachtendonk.de\/cms\/wp-content\/uploads\/2024\/03\/Fine-Tune-Folk-1_1500px.jpg\"><img decoding=\"async\" class=\"alignleft size-medium wp-image-12528\" src=\"https:\/\/www.kulturkreis-wachtendonk.de\/cms\/wp-content\/uploads\/2024\/03\/Fine-Tune-Folk-1_1500px-300x200.jpg\" alt=\"\" width=\"300\" height=\"200\" srcset=\"https:\/\/www.kulturkreis-wachtendonk.de\/cms\/wp-content\/uploads\/2024\/03\/Fine-Tune-Folk-1_1500px-300x200.jpg 300w, https:\/\/www.kulturkreis-wachtendonk.de\/cms\/wp-content\/uploads\/2024\/03\/Fine-Tune-Folk-1_1500px-1024x683.jpg 1024w, https:\/\/www.kulturkreis-wachtendonk.de\/cms\/wp-content\/uploads\/2024\/03\/Fine-Tune-Folk-1_1500px-768x512.jpg 768w, https:\/\/www.kulturkreis-wachtendonk.de\/cms\/wp-content\/uploads\/2024\/03\/Fine-Tune-Folk-1_1500px-1320x880.jpg 1320w, https:\/\/www.kulturkreis-wachtendonk.de\/cms\/wp-content\/uploads\/2024\/03\/Fine-Tune-Folk-1_1500px.jpg 1500w\" sizes=\"(max-width: 300px) 100vw, 300px\" \/><\/a>Seit 2003 hat sich das Duo FINETUNE der keltischen Musik verschrieben, wobei der Schwerpunkt auf der irischen Musik liegt.<\/p>\n<p>Mittlerweile ist ein umfangreiches Repertoire entstanden. Es umfasst fetzige irische Tunes und Lieder, aber auch feinf\u00fchlig interpretierte Balladen mit oft 2-stimmigem Gesang. Dabei werden die daf\u00fcr typischen Instrumente wie irische Bouzouki, irische Box, Whistles &amp; Akkordeon eingesetzt.<\/p>\n<p>Gerne werden auch schwungvolle bretonische T\u00e4nze geboten, bei denen dann auch Klarinette und diatonisches Akkordeon zum Einsatz kommen.<\/p>\n<p>Helga Supplieth: Akkordeons, Tin Whistles,\u00a0 Gesang<br \/>\nPeter Supplieth: Gitarre, Bouzouki,\u00a0 Klarinette, Gesang<\/p>\n<p><strong><span style=\"color: #800000;\">\u2022 <\/span>O\u00b4Son do Bao (15.30 Uhr \u2013 16.30 Uhr und 17.00 \u2013 18.00 Uhr)<\/strong><\/p>\n<p><a href=\"https:\/\/www.kulturkreis-wachtendonk.de\/cms\/wp-content\/uploads\/2024\/03\/O-Son-do-Vao1_1500px.jpg\"><img loading=\"lazy\" decoding=\"async\" class=\"alignleft size-medium wp-image-12532\" src=\"https:\/\/www.kulturkreis-wachtendonk.de\/cms\/wp-content\/uploads\/2024\/03\/O-Son-do-Vao1_1500px-300x200.jpg\" alt=\"\" width=\"300\" height=\"200\" srcset=\"https:\/\/www.kulturkreis-wachtendonk.de\/cms\/wp-content\/uploads\/2024\/03\/O-Son-do-Vao1_1500px-300x200.jpg 300w, https:\/\/www.kulturkreis-wachtendonk.de\/cms\/wp-content\/uploads\/2024\/03\/O-Son-do-Vao1_1500px-1024x683.jpg 1024w, https:\/\/www.kulturkreis-wachtendonk.de\/cms\/wp-content\/uploads\/2024\/03\/O-Son-do-Vao1_1500px-768x512.jpg 768w, https:\/\/www.kulturkreis-wachtendonk.de\/cms\/wp-content\/uploads\/2024\/03\/O-Son-do-Vao1_1500px-1320x880.jpg 1320w, https:\/\/www.kulturkreis-wachtendonk.de\/cms\/wp-content\/uploads\/2024\/03\/O-Son-do-Vao1_1500px.jpg 1500w\" sizes=\"(max-width: 300px) 100vw, 300px\" \/><\/a>O&#8217;Son do Bao hat sich f\u00fcr dieses Event aus zwei traditionellen galicischen Bands gebildet, der \u201eAula Permanente de Instrumentos Populares\u201c der Universit\u00e4t Vigo und der Stra\u00dfenmusikgruppe &#8222;Casco Vello&#8220;, beide aus Vigo.<\/p>\n<p>Mit ihren Dudels\u00e4cken (Gaitas), verschiedenen traditionellen Handtrommeln und Gesang bringen sie galicische Tanzmusik, s\u00fcdl\u00e4ndisches Temperament und gute Laune auf die B\u00fchne. T\u00e4nzerinnen zeigen dazu die T\u00e4nze ihrer alten Kultur und freuen sich, Interessierte einzubeziehen.<\/p>\n<p>&nbsp;<\/p>\n","protected":false},"excerpt":{"rendered":"<p>Gro\u00dfes Folk Event in Wachtendonk am Friedensplatz \u2022 Sonntag, 14. Juli 2024 In Wachtendonk gibt es eine \u00e4u\u00dferst aktive Folk-Szene, die sich regelm\u00e4\u00dfig in der Altdeutschen Gastst\u00e4tte B\u00fcskens zu gemeinsamen Sessions trifft und im Sommer auf der Weinstra\u00dfe f\u00fcr Unterhaltung sorgt. Hieran ankn\u00fcpfend und aufgrund der guten Resonanz wird es wieder ein gro\u00dfes Folk-Event am &#8230; <\/p>\n<p class=\"read-more-container\"><a title=\"Gro\u00dfes FOLK EVENT am Friedensplatz\" class=\"read-more button\" href=\"https:\/\/www.kulturkreis-wachtendonk.de\/cms\/grosses-folk-event-auf-dem-friedensplatz\/#more-12520\" aria-label=\"Mehr Informationen \u00fcber Gro\u00dfes FOLK EVENT am Friedensplatz\">Weiterlesen &#8230;<\/a><\/p>\n","protected":false},"author":4,"featured_media":0,"comment_status":"closed","ping_status":"closed","sticky":false,"template":"","format":"standard","meta":{"footnotes":""},"categories":[16],"tags":[],"class_list":["post-12520","post","type-post","status-publish","format-standard","hentry","category-veranstaltungsarchiv"],"_links":{"self":[{"href":"https:\/\/www.kulturkreis-wachtendonk.de\/cms\/wp-json\/wp\/v2\/posts\/12520","targetHints":{"allow":["GET"]}}],"collection":[{"href":"https:\/\/www.kulturkreis-wachtendonk.de\/cms\/wp-json\/wp\/v2\/posts"}],"about":[{"href":"https:\/\/www.kulturkreis-wachtendonk.de\/cms\/wp-json\/wp\/v2\/types\/post"}],"author":[{"embeddable":true,"href":"https:\/\/www.kulturkreis-wachtendonk.de\/cms\/wp-json\/wp\/v2\/users\/4"}],"replies":[{"embeddable":true,"href":"https:\/\/www.kulturkreis-wachtendonk.de\/cms\/wp-json\/wp\/v2\/comments?post=12520"}],"version-history":[{"count":23,"href":"https:\/\/www.kulturkreis-wachtendonk.de\/cms\/wp-json\/wp\/v2\/posts\/12520\/revisions"}],"predecessor-version":[{"id":12718,"href":"https:\/\/www.kulturkreis-wachtendonk.de\/cms\/wp-json\/wp\/v2\/posts\/12520\/revisions\/12718"}],"wp:attachment":[{"href":"https:\/\/www.kulturkreis-wachtendonk.de\/cms\/wp-json\/wp\/v2\/media?parent=12520"}],"wp:term":[{"taxonomy":"category","embeddable":true,"href":"https:\/\/www.kulturkreis-wachtendonk.de\/cms\/wp-json\/wp\/v2\/categories?post=12520"},{"taxonomy":"post_tag","embeddable":true,"href":"https:\/\/www.kulturkreis-wachtendonk.de\/cms\/wp-json\/wp\/v2\/tags?post=12520"}],"curies":[{"name":"wp","href":"https:\/\/api.w.org\/{rel}","templated":true}]}}