{"id":11802,"date":"2024-01-02T11:00:56","date_gmt":"2024-01-02T10:00:56","guid":{"rendered":"https:\/\/www.kulturkreis-wachtendonk.de\/cms\/?p=11802"},"modified":"2024-03-08T22:37:45","modified_gmt":"2024-03-08T21:37:45","slug":"orgelkonzert","status":"publish","type":"post","link":"https:\/\/www.kulturkreis-wachtendonk.de\/cms\/orgelkonzert\/","title":{"rendered":"Orgelkonzert"},"content":{"rendered":"<h5><span style=\"color: #800000;\"><strong>Montag, 01.01.2024,\u00a017 Uhr<\/strong><\/span><\/h5>\n<h5><span style=\"color: #800000;\"><strong>&#8222;Improvisationen nach Zuh\u00f6rerw\u00fcnschen&#8220;<\/strong><\/span><\/h5>\n<p><a href=\"https:\/\/www.kulturkreis-wachtendonk.de\/cms\/wp-content\/uploads\/2023\/11\/OttoM_Kraemer_1_1147.jpg\"><img decoding=\"async\" class=\"alignleft wp-image-11803 size-thumbnail\" src=\"https:\/\/www.kulturkreis-wachtendonk.de\/cms\/wp-content\/uploads\/2023\/11\/OttoM_Kraemer_1_1147-200x200.jpg\" alt=\"\" width=\"200\" height=\"200\" \/><\/a><\/p>\n<p>Der Kulturkreis Wachtendonk l\u00e4dt zum traditionellen Konzert in die <span style=\"color: #800000;\"><strong>St. Michael Kirche Wachtendonk<\/strong><\/span> ein.<\/p>\n<p>Zu Gast ist diesmal Otto Maria Kr\u00e4mer.<\/p>\n<p>Seit 1993 ist er Kantor an St. Peter und Paul in Straelen.<\/p>\n<p>Und seit 2013 unterrichtet Otto M. Kr\u00e4mer Liturgisches Orgelspiel\/Improvisation an der Hochschule f\u00fcr Musik und Tanz K\u00f6ln.<strong>\u00a0<\/strong><\/p>\n<p>Otto M. Kr\u00e4mer war Teilnehmer mehrerer Meisterkurse mit dem Schwerpunkt &#8222;Orgelimprovisation&#8220;, so u.a. &#8222;2.Internationale Orgelakademie Altenberg&#8220; bei Daniel Roth, Gaston Litaize, Peter Planyavsky, Wolfgang Seifen.\u00a0<\/p>\n<p>Auf seinen USA-Touren spielte er bei Konzerten und Meisterklassen in New York, San\u00a0Francisco, Washington, St. Louis, Birmingham, Chicago, Berkeley, Portland, Pasadena,\u00a0Tuscon, Hollywood, Princeton und Los Angeles.\u00a0<\/p>\n<p>Die Improvisationen sind im Stil des deutschen Barock, der deutschen und franz\u00f6sischen Romantik und im impressionistischen Stil, vornehmlich \u00fcber adventliche Themen und Weihnachtslieder.<\/p>\n<p><span style=\"color: #800000;\"><strong>Der Eintritt ist frei.<\/strong><\/span> Der Veranstalter bittet stattdessen am Ende des Konzertes um eine Spende.<\/p>\n","protected":false},"excerpt":{"rendered":"<p>Montag, 01.01.2024,\u00a017 Uhr &#8222;Improvisationen nach Zuh\u00f6rerw\u00fcnschen&#8220; Der Kulturkreis Wachtendonk l\u00e4dt zum traditionellen Konzert in die St. Michael Kirche Wachtendonk ein. Zu Gast ist diesmal Otto Maria Kr\u00e4mer. Seit 1993 ist er Kantor an St. Peter und Paul in Straelen. Und seit 2013 unterrichtet Otto M. Kr\u00e4mer Liturgisches Orgelspiel\/Improvisation an der Hochschule f\u00fcr Musik und Tanz &#8230; <\/p>\n<p class=\"read-more-container\"><a title=\"Orgelkonzert\" class=\"read-more button\" href=\"https:\/\/www.kulturkreis-wachtendonk.de\/cms\/orgelkonzert\/#more-11802\" aria-label=\"Mehr Informationen \u00fcber Orgelkonzert\">Weiterlesen &#8230;<\/a><\/p>\n","protected":false},"author":4,"featured_media":0,"comment_status":"closed","ping_status":"closed","sticky":false,"template":"","format":"standard","meta":{"footnotes":""},"categories":[16],"tags":[],"class_list":["post-11802","post","type-post","status-publish","format-standard","hentry","category-veranstaltungsarchiv"],"_links":{"self":[{"href":"https:\/\/www.kulturkreis-wachtendonk.de\/cms\/wp-json\/wp\/v2\/posts\/11802","targetHints":{"allow":["GET"]}}],"collection":[{"href":"https:\/\/www.kulturkreis-wachtendonk.de\/cms\/wp-json\/wp\/v2\/posts"}],"about":[{"href":"https:\/\/www.kulturkreis-wachtendonk.de\/cms\/wp-json\/wp\/v2\/types\/post"}],"author":[{"embeddable":true,"href":"https:\/\/www.kulturkreis-wachtendonk.de\/cms\/wp-json\/wp\/v2\/users\/4"}],"replies":[{"embeddable":true,"href":"https:\/\/www.kulturkreis-wachtendonk.de\/cms\/wp-json\/wp\/v2\/comments?post=11802"}],"version-history":[{"count":14,"href":"https:\/\/www.kulturkreis-wachtendonk.de\/cms\/wp-json\/wp\/v2\/posts\/11802\/revisions"}],"predecessor-version":[{"id":12444,"href":"https:\/\/www.kulturkreis-wachtendonk.de\/cms\/wp-json\/wp\/v2\/posts\/11802\/revisions\/12444"}],"wp:attachment":[{"href":"https:\/\/www.kulturkreis-wachtendonk.de\/cms\/wp-json\/wp\/v2\/media?parent=11802"}],"wp:term":[{"taxonomy":"category","embeddable":true,"href":"https:\/\/www.kulturkreis-wachtendonk.de\/cms\/wp-json\/wp\/v2\/categories?post=11802"},{"taxonomy":"post_tag","embeddable":true,"href":"https:\/\/www.kulturkreis-wachtendonk.de\/cms\/wp-json\/wp\/v2\/tags?post=11802"}],"curies":[{"name":"wp","href":"https:\/\/api.w.org\/{rel}","templated":true}]}}