{"id":11458,"date":"2023-06-11T18:00:41","date_gmt":"2023-06-11T16:00:41","guid":{"rendered":"https:\/\/www.kulturkreis-wachtendonk.de\/cms\/?p=11458"},"modified":"2023-06-12T11:02:07","modified_gmt":"2023-06-12T09:02:07","slug":"ausstellung-34","status":"publish","type":"post","link":"https:\/\/www.kulturkreis-wachtendonk.de\/cms\/ausstellung-34\/","title":{"rendered":"Ausstellung"},"content":{"rendered":"<p><img fetchpriority=\"high\" decoding=\"async\" class=\"alignleft  wp-image-10867\" src=\"https:\/\/www.kulturkreis-wachtendonk.de\/cms\/wp-content\/uploads\/2023\/01\/MalraumAtelier-Doris-Maile.jpeg\" alt=\"\" width=\"204\" height=\"255\" srcset=\"https:\/\/www.kulturkreis-wachtendonk.de\/cms\/wp-content\/uploads\/2023\/01\/MalraumAtelier-Doris-Maile.jpeg 961w, https:\/\/www.kulturkreis-wachtendonk.de\/cms\/wp-content\/uploads\/2023\/01\/MalraumAtelier-Doris-Maile-240x300.jpeg 240w, https:\/\/www.kulturkreis-wachtendonk.de\/cms\/wp-content\/uploads\/2023\/01\/MalraumAtelier-Doris-Maile-818x1024.jpeg 818w, https:\/\/www.kulturkreis-wachtendonk.de\/cms\/wp-content\/uploads\/2023\/01\/MalraumAtelier-Doris-Maile-768x961.jpeg 768w\" sizes=\"(max-width: 204px) 100vw, 204px\" \/><\/p>\n<p><strong><br \/>\nAusstellung &#8222;Erfahren &#8211; Bewahren&#8220;<\/strong><br \/>\n<strong>Nanni Wagner und Doris Maile<\/strong><\/p>\n<p><strong>Freitag, 2.6. &#8211;&nbsp; Sonntag, 11.6.2023<\/strong><\/p>\n<p><strong>Freitag, 2.6.2023&nbsp;&nbsp;&nbsp;&nbsp;&nbsp;&nbsp;&nbsp;&nbsp;&nbsp;&nbsp;&nbsp;&nbsp;&nbsp;&nbsp;&nbsp;&nbsp;&nbsp;&nbsp;&nbsp;&nbsp;&nbsp;&nbsp;&nbsp;&nbsp; &nbsp; &nbsp; &nbsp; &nbsp; &nbsp; &nbsp;&nbsp;&nbsp; &nbsp; &nbsp;&nbsp; &nbsp; ab 19 Uhr, Vernissage mit Musik <br \/>\n<\/strong><strong>Samstag, 3.6. und 10.6.2023&nbsp;&nbsp;&nbsp;&nbsp;&nbsp;&nbsp;&nbsp;&nbsp;&nbsp;&nbsp;&nbsp;&nbsp;&nbsp;&nbsp;&nbsp;&nbsp;&nbsp;&nbsp;&nbsp;&nbsp;&nbsp;&nbsp;&nbsp;&nbsp;&nbsp; 14 Uhr &#8211; 18 Uhr<\/strong><br \/>\n<strong>Sonntag,&nbsp; 4.6., und Donnerstag, 8.6.2023 &nbsp; &nbsp; 11 Uhr &#8211; 18 Uhr<\/strong><br \/>\n<strong>Sonntag, 11.6.2023&nbsp;&nbsp;&nbsp;&nbsp;&nbsp;&nbsp;&nbsp;&nbsp;&nbsp;&nbsp;&nbsp;&nbsp;&nbsp;&nbsp;&nbsp;&nbsp;&nbsp;&nbsp;&nbsp;&nbsp;&nbsp;&nbsp;&nbsp;&nbsp;&nbsp;&nbsp;&nbsp;&nbsp;&nbsp;&nbsp;&nbsp;&nbsp;&nbsp;&nbsp;&nbsp;&nbsp;&nbsp;&nbsp;&nbsp;&nbsp;&nbsp; ab 15 Uhr Finissage mit Musik <\/strong><\/p>\n<p style=\"text-align: justify;\">Die K\u00fcnstlerinnen Doris Maile und Nanni Wagner haben sich gleichzeitig auf unterschiedliche Wege gemacht, um den Moment des Erlebten aufzuzeichnen und zu bewahren.<\/p>\n<p style=\"text-align: justify;\">Doris Maile zog es in die Ferne und lie\u00df sich in der Provence von Eindr\u00fccken und Erlebtem inspirieren. Aus ihren Bildern strahlen die Farben und das Licht des S\u00fcdens.<\/p>\n<p style=\"text-align: justify;\">Nanni Wagner blieb in&nbsp; ihrem gewohnten und vertrauten Umfeld und erarbeitete mit k\u00fcnstlerischer Keramik&nbsp; und Malerei ihre Empfindungen von Nord- und Ostsee und dem Niederrhein.<\/p>\n<p style=\"text-align: justify;\">Das Erfahren und das Bewahren dieser pers\u00f6nlichen Momente zeigen beide K\u00fcnstlerinnen in ihren Arbeiten auf unterschiedliche Art und Weise mit ihren f\u00fcr sie typischen Techniken.<\/p>\n<p><strong>Altes Wasserwerk Wachtendonk, Fliethweg 44<\/strong><\/p>\n","protected":false},"excerpt":{"rendered":"<p>Ausstellung &#8222;Erfahren &#8211; Bewahren&#8220; Nanni Wagner und Doris Maile Freitag, 2.6. &#8211;&nbsp; Sonntag, 11.6.2023 Freitag, 2.6.2023&nbsp;&nbsp;&nbsp;&nbsp;&nbsp;&nbsp;&nbsp;&nbsp;&nbsp;&nbsp;&nbsp;&nbsp;&nbsp;&nbsp;&nbsp;&nbsp;&nbsp;&nbsp;&nbsp;&nbsp;&nbsp;&nbsp;&nbsp;&nbsp; &nbsp; &nbsp; &nbsp; &nbsp; &nbsp; &nbsp;&nbsp;&nbsp; &nbsp; &nbsp;&nbsp; &nbsp; ab 19 Uhr, Vernissage mit Musik Samstag, 3.6. und 10.6.2023&nbsp;&nbsp;&nbsp;&nbsp;&nbsp;&nbsp;&nbsp;&nbsp;&nbsp;&nbsp;&nbsp;&nbsp;&nbsp;&nbsp;&nbsp;&nbsp;&nbsp;&nbsp;&nbsp;&nbsp;&nbsp;&nbsp;&nbsp;&nbsp;&nbsp; 14 Uhr &#8211; 18 Uhr Sonntag,&nbsp; 4.6., und Donnerstag, 8.6.2023 &nbsp; &nbsp; 11 Uhr &#8211; 18 Uhr Sonntag, 11.6.2023&nbsp;&nbsp;&nbsp;&nbsp;&nbsp;&nbsp;&nbsp;&nbsp;&nbsp;&nbsp;&nbsp;&nbsp;&nbsp;&nbsp;&nbsp;&nbsp;&nbsp;&nbsp;&nbsp;&nbsp;&nbsp;&nbsp;&nbsp;&nbsp;&nbsp;&nbsp;&nbsp;&nbsp;&nbsp;&nbsp;&nbsp;&nbsp;&nbsp;&nbsp;&nbsp;&nbsp;&nbsp;&nbsp;&nbsp;&nbsp;&nbsp; ab &#8230; <\/p>\n<p class=\"read-more-container\"><a title=\"Ausstellung\" class=\"read-more button\" href=\"https:\/\/www.kulturkreis-wachtendonk.de\/cms\/ausstellung-34\/#more-11458\" aria-label=\"Mehr Informationen \u00fcber Ausstellung\">Weiterlesen &#8230;<\/a><\/p>\n","protected":false},"author":4,"featured_media":0,"comment_status":"closed","ping_status":"closed","sticky":false,"template":"","format":"standard","meta":{"footnotes":""},"categories":[16],"tags":[],"class_list":["post-11458","post","type-post","status-publish","format-standard","hentry","category-veranstaltungsarchiv"],"_links":{"self":[{"href":"https:\/\/www.kulturkreis-wachtendonk.de\/cms\/wp-json\/wp\/v2\/posts\/11458","targetHints":{"allow":["GET"]}}],"collection":[{"href":"https:\/\/www.kulturkreis-wachtendonk.de\/cms\/wp-json\/wp\/v2\/posts"}],"about":[{"href":"https:\/\/www.kulturkreis-wachtendonk.de\/cms\/wp-json\/wp\/v2\/types\/post"}],"author":[{"embeddable":true,"href":"https:\/\/www.kulturkreis-wachtendonk.de\/cms\/wp-json\/wp\/v2\/users\/4"}],"replies":[{"embeddable":true,"href":"https:\/\/www.kulturkreis-wachtendonk.de\/cms\/wp-json\/wp\/v2\/comments?post=11458"}],"version-history":[{"count":15,"href":"https:\/\/www.kulturkreis-wachtendonk.de\/cms\/wp-json\/wp\/v2\/posts\/11458\/revisions"}],"predecessor-version":[{"id":11660,"href":"https:\/\/www.kulturkreis-wachtendonk.de\/cms\/wp-json\/wp\/v2\/posts\/11458\/revisions\/11660"}],"wp:attachment":[{"href":"https:\/\/www.kulturkreis-wachtendonk.de\/cms\/wp-json\/wp\/v2\/media?parent=11458"}],"wp:term":[{"taxonomy":"category","embeddable":true,"href":"https:\/\/www.kulturkreis-wachtendonk.de\/cms\/wp-json\/wp\/v2\/categories?post=11458"},{"taxonomy":"post_tag","embeddable":true,"href":"https:\/\/www.kulturkreis-wachtendonk.de\/cms\/wp-json\/wp\/v2\/tags?post=11458"}],"curies":[{"name":"wp","href":"https:\/\/api.w.org\/{rel}","templated":true}]}}