{"id":11324,"date":"2022-09-25T08:00:44","date_gmt":"2022-09-25T06:00:44","guid":{"rendered":"https:\/\/www.kulturkreis-wachtendonk.de\/cms\/?p=11324"},"modified":"2023-09-25T15:27:34","modified_gmt":"2023-09-25T13:27:34","slug":"ausstellung-30","status":"publish","type":"post","link":"https:\/\/www.kulturkreis-wachtendonk.de\/cms\/ausstellung-30\/","title":{"rendered":"Ausstellung"},"content":{"rendered":"<p><strong><img fetchpriority=\"high\" decoding=\"async\" class=\"alignleft  wp-image-11314\" src=\"https:\/\/www.kulturkreis-wachtendonk.de\/cms\/wp-content\/uploads\/2023\/03\/Nilgen-1-neu-scaled.jpg\" alt=\"\" width=\"200\" height=\"267\" srcset=\"https:\/\/www.kulturkreis-wachtendonk.de\/cms\/wp-content\/uploads\/2023\/03\/Nilgen-1-neu-scaled.jpg 1920w, https:\/\/www.kulturkreis-wachtendonk.de\/cms\/wp-content\/uploads\/2023\/03\/Nilgen-1-neu-225x300.jpg 225w, https:\/\/www.kulturkreis-wachtendonk.de\/cms\/wp-content\/uploads\/2023\/03\/Nilgen-1-neu-768x1024.jpg 768w, https:\/\/www.kulturkreis-wachtendonk.de\/cms\/wp-content\/uploads\/2023\/03\/Nilgen-1-neu-1152x1536.jpg 1152w, https:\/\/www.kulturkreis-wachtendonk.de\/cms\/wp-content\/uploads\/2023\/03\/Nilgen-1-neu-1536x2048.jpg 1536w\" sizes=\"(max-width: 200px) 100vw, 200px\" \/><\/strong><\/p>\n<p>&nbsp;<\/p>\n<p><strong>Ausstellung<\/strong><\/p>\n<p><strong>Ferdinand Nilgen<\/strong><\/p>\n<p><strong>Fern-\u00d6stliche Impressionen<br \/>\nSkalpell-Papierstich-Arbeiten <\/strong><\/p>\n<p><strong>Freitag, 15.9. &#8211; Samstag, 23.9.2023<\/strong><\/p>\n<p>Freitag, 15.9.2023:&nbsp;&nbsp;&nbsp;&nbsp;&nbsp;&nbsp;&nbsp;&nbsp;&nbsp;&nbsp;&nbsp;&nbsp;&nbsp;&nbsp;&nbsp;&nbsp;&nbsp;&nbsp;&nbsp;&nbsp;&nbsp;&nbsp;&nbsp;&nbsp;&nbsp;&nbsp;&nbsp;&nbsp;&nbsp;&nbsp;&nbsp;&nbsp;&nbsp;&nbsp;&nbsp;&nbsp;&nbsp;&nbsp;&nbsp;&nbsp; &nbsp;&nbsp; &nbsp; Ausstellungser\u00f6ffnung 15 Uhr<br \/>\nSamstag, 16.9. und Sonntag 17.9.2023:&nbsp;&nbsp;&nbsp;&nbsp; &nbsp; &nbsp; &nbsp; &nbsp; &nbsp; &nbsp; &nbsp; &nbsp; &nbsp; &nbsp; &nbsp;&nbsp; &nbsp; &nbsp; &nbsp; 11 Uhr &#8211;&nbsp; 17 Uhr<br \/>\nDienstag 19.9., Freitag 22.9. und Samstag 23.9.2023:&nbsp;&nbsp;&nbsp; &nbsp; &nbsp; &nbsp; &nbsp;&nbsp; 13 Uhr &#8211; 18 Uhr<\/p>\n<p>&nbsp;<\/p>\n<p style=\"text-align: justify;\">Ferdinand Nilgen begann Anfang 1989 mit der Kalligraphie. Durch mehrere Aufenthalte in asiatischen Kl\u00f6stern erlernte er die Kunst des Skalpellstichs und praktiziert diese seitdem. Durch Selbstunterricht zu Hause konnte er seine \u00dcbungen fortf\u00fchren.<\/p>\n<p style=\"text-align: justify;\">Sein Wunsch ist es, dieses alte Handwerk in Ausstellungen zu vermitteln. Die Motive, die Ferdinand Nilgen gestaltet, sind vornehmlich japanische, chinesische oder tibetische Motive und auch deren Schriftzeichen. Im Laufe der Jahre fertigte er auch europ\u00e4ische Motive.<\/p>\n<p style=\"text-align: justify;\">Im Buddhismus ist schwarz die erste Farbe, die wichtigste Farbe. Die Chinesen haben schwarz als ihr Material gew\u00e4hlt&nbsp; f\u00fcr die Gedanken\u00fcbermittlung mit dem Pinsel. Kalligraphie und Tuschemalerei, ihre ersten Kulturtr\u00e4ger, wurden mit schwarzer Tusche geschrieben. Ferdinand Nilgen m\u00f6chte versuchen, diesem Gen-Schwarz durch den Skalpellpapierstich sichtbare Gestalt zu geben, um so vielleicht Empfindungen und Gedanken auszul\u00f6sen.<\/p>\n<p><strong>Altes Wasserwerk Wachtendonk, Fliethweg 44<\/strong><\/p>\n","protected":false},"excerpt":{"rendered":"<p>&nbsp; Ausstellung Ferdinand Nilgen Fern-\u00d6stliche Impressionen Skalpell-Papierstich-Arbeiten Freitag, 15.9. &#8211; Samstag, 23.9.2023 Freitag, 15.9.2023:&nbsp;&nbsp;&nbsp;&nbsp;&nbsp;&nbsp;&nbsp;&nbsp;&nbsp;&nbsp;&nbsp;&nbsp;&nbsp;&nbsp;&nbsp;&nbsp;&nbsp;&nbsp;&nbsp;&nbsp;&nbsp;&nbsp;&nbsp;&nbsp;&nbsp;&nbsp;&nbsp;&nbsp;&nbsp;&nbsp;&nbsp;&nbsp;&nbsp;&nbsp;&nbsp;&nbsp;&nbsp;&nbsp;&nbsp;&nbsp; &nbsp;&nbsp; &nbsp; Ausstellungser\u00f6ffnung 15 Uhr Samstag, 16.9. und Sonntag 17.9.2023:&nbsp;&nbsp;&nbsp;&nbsp; &nbsp; &nbsp; &nbsp; &nbsp; &nbsp; &nbsp; &nbsp; &nbsp; &nbsp; &nbsp; &nbsp;&nbsp; &nbsp; &nbsp; &nbsp; 11 Uhr &#8211;&nbsp; 17 Uhr Dienstag 19.9., Freitag 22.9. und Samstag 23.9.2023:&nbsp;&nbsp;&nbsp; &nbsp; &nbsp; &nbsp; &nbsp;&nbsp; 13 &#8230; <\/p>\n<p class=\"read-more-container\"><a title=\"Ausstellung\" class=\"read-more button\" href=\"https:\/\/www.kulturkreis-wachtendonk.de\/cms\/ausstellung-30\/#more-11324\" aria-label=\"Mehr Informationen \u00fcber Ausstellung\">Weiterlesen &#8230;<\/a><\/p>\n","protected":false},"author":4,"featured_media":0,"comment_status":"closed","ping_status":"closed","sticky":false,"template":"","format":"standard","meta":{"footnotes":""},"categories":[16],"tags":[],"class_list":["post-11324","post","type-post","status-publish","format-standard","hentry","category-veranstaltungsarchiv"],"_links":{"self":[{"href":"https:\/\/www.kulturkreis-wachtendonk.de\/cms\/wp-json\/wp\/v2\/posts\/11324","targetHints":{"allow":["GET"]}}],"collection":[{"href":"https:\/\/www.kulturkreis-wachtendonk.de\/cms\/wp-json\/wp\/v2\/posts"}],"about":[{"href":"https:\/\/www.kulturkreis-wachtendonk.de\/cms\/wp-json\/wp\/v2\/types\/post"}],"author":[{"embeddable":true,"href":"https:\/\/www.kulturkreis-wachtendonk.de\/cms\/wp-json\/wp\/v2\/users\/4"}],"replies":[{"embeddable":true,"href":"https:\/\/www.kulturkreis-wachtendonk.de\/cms\/wp-json\/wp\/v2\/comments?post=11324"}],"version-history":[{"count":6,"href":"https:\/\/www.kulturkreis-wachtendonk.de\/cms\/wp-json\/wp\/v2\/posts\/11324\/revisions"}],"predecessor-version":[{"id":11694,"href":"https:\/\/www.kulturkreis-wachtendonk.de\/cms\/wp-json\/wp\/v2\/posts\/11324\/revisions\/11694"}],"wp:attachment":[{"href":"https:\/\/www.kulturkreis-wachtendonk.de\/cms\/wp-json\/wp\/v2\/media?parent=11324"}],"wp:term":[{"taxonomy":"category","embeddable":true,"href":"https:\/\/www.kulturkreis-wachtendonk.de\/cms\/wp-json\/wp\/v2\/categories?post=11324"},{"taxonomy":"post_tag","embeddable":true,"href":"https:\/\/www.kulturkreis-wachtendonk.de\/cms\/wp-json\/wp\/v2\/tags?post=11324"}],"curies":[{"name":"wp","href":"https:\/\/api.w.org\/{rel}","templated":true}]}}