{"id":11194,"date":"2023-08-28T11:02:52","date_gmt":"2023-08-28T09:02:52","guid":{"rendered":"https:\/\/www.kulturkreis-wachtendonk.de\/cms\/?p=11194"},"modified":"2024-03-08T10:38:29","modified_gmt":"2024-03-08T09:38:29","slug":"ausstellung-28","status":"publish","type":"post","link":"https:\/\/www.kulturkreis-wachtendonk.de\/cms\/ausstellung-28\/","title":{"rendered":"Ausstellung"},"content":{"rendered":"<figure id=\"attachment_11188\" aria-describedby=\"caption-attachment-11188\" style=\"width: 242px\" class=\"wp-caption alignleft\"><img decoding=\"async\" class=\"wp-image-11188\" src=\"https:\/\/www.kulturkreis-wachtendonk.de\/cms\/wp-content\/uploads\/2023\/03\/Koppel-3.png\" alt=\"&quot;Rissig&quot; von Arnhild Koppel\" width=\"252\" height=\"189\" srcset=\"https:\/\/www.kulturkreis-wachtendonk.de\/cms\/wp-content\/uploads\/2023\/03\/Koppel-3.png 705w, https:\/\/www.kulturkreis-wachtendonk.de\/cms\/wp-content\/uploads\/2023\/03\/Koppel-3-300x225.png 300w\" sizes=\"(max-width: 252px) 100vw, 252px\" \/><figcaption id=\"caption-attachment-11188\" class=\"wp-caption-text\">&#8222;Rissig&#8220;, Arnhild Koppel<\/figcaption><\/figure>\n<p><strong>Ausstellung<\/strong><br \/>\n<strong>Arnhild Koppel &#8211; Objekte, Bilder und Graphiken <\/strong><br \/>\n<strong>Helmuth Wolf &#8211; Objekte aus Stahl und Glas<\/strong><br \/>\n<strong>Peter van Veggel &#8211; Bronze- und Holzobjekte<\/strong><br \/>\n<strong>Wiel Heemskerk &#8211; Objekte aus verschiedenen Materialien<\/strong><\/p>\n<p><strong>Freitag, 25.8. \u2013 Sonntag, 27.8.2023<\/strong><\/p>\n<p><strong>Freitag, 25.8.2023: Er\u00f6ffnung ab 17 Uhr<\/strong><br \/>\n<strong>Samstag, 26.8.2023: 12 Uhr \u2013 19 Uhr<\/strong><br \/>\n<strong>Sonntag, 27.8.2023: 11 Uhr \u2013 18 Uhr<\/strong><\/p>\n<p>Vier g\u00e4nzlich unterschiedliche K\u00fcnstler zusammen in einer Ausstellung:<\/p>\n<p style=\"text-align: justify;\"><strong>Arnhild Koppel \/ ARN!KO<\/strong> setzt sich k\u00fcnstlerisch in ihren Objekten, Bildern und Graphiken mit <strong>BEGEGNUNGEN<\/strong> im weitesten Sinne auseinander. Sie ist eine Findende ohne bewusstes Suchen. Begegnungen, Wahrnehmungen und Empfindungen finden statt im Zustand der Offenheit daf\u00fcr und manche setzen in ihrer Intensit\u00e4t k\u00fcnstlerisches Spiel und Reflexionen in Gang. Ausgangspunkt f\u00fcr ihre Werke sind oft Fundst\u00fccke oder Spuren und Strukturen, die ihr in ihrer Umwelt (im weitesten Sinne) begegnen. Zun\u00e4chst werde diese nur skizzenhaft oder in Frottagen aufgenommen, und erlangen erst im weiteren k\u00fcnstlerischen Bildwerden, indem sie sich mit Assoziationen verkn\u00fcpfen, neue und eigenst\u00e4ndige Bedeutungen. Diese Art Interaktion mit der Umwelt in direkter Begegnung ist eine stetige k\u00fcnstlerische Aneignung der Wirklichkeit im wahrsten Sinne des Wortes und f\u00fchrt bei ihr zu reflektierten Begegnungen auch mit sich selbst im k\u00fcnstlerischen Prozess. Diese wiederum k\u00f6nnen letztlich sogar zur v\u00f6lligen Abl\u00f6sung vom Ursprungsobjekt f\u00fchren.<br \/>\n<a href=\"http:\/\/www.arnhild-koppel.de\">www.arnhild-koppel.de<\/a><\/p>\n<p style=\"text-align: justify;\"><strong>Helmuth Wolf <\/strong>ist seit \u00fcber 45 Jahren\u00a0 als gelernter Schlosser und Schmied als freier Metallbildhauer in eigener Werkstatt t\u00e4tig. Er zeigt typisierte Gesichter, Mimiken, Gesten, Symbolik und freie Formen im Materialmix aus geschmiedetem Eisen und bearbeitetem Rohglas. Ihn fasziniert es, ohne feste Vorstellung und Thema an seine Arbeiten heranzugehen,\u00a0 er \u00fcberl\u00e4sst sich gerne einem Prozess, in den die eigenen momentanen inneren Eindr\u00fccke, Gedanken und Emotionen einflie\u00dfen und irgendwann\u00a0 zu einem Motiv werden.<br \/>\nSeine Skulpturen zeigt er in regionalen und \u00fcberregionalen Einzel- und Gemeinschaftsausstellungen.<br \/>\n<a href=\"http:\/\/www.werkkunst-wolf.com\">www.werkkunst-wolf.com<\/a> \u00a0\u00a0\u00a0\u00a0\u00a0\u00a0 <a href=\"http:\/\/www.werkkunstwolf.de\">www.werkkunstwolf.de<\/a><\/p>\n<p style=\"text-align: justify;\"><strong>Peter van Veggel<\/strong> ist dem Prinzip nach ein autodidaktischer K\u00fcnstler, abgesehen von\u00a0 technischen Ausbildungen und pers\u00f6nlichen Kunststudien.\u00a0 Seine Arbeiten sind Bronze- und Holzobjekte. Aber auch in den bronzenen Objekten verwende er mehrfach Holz, dessen Formen entstanden sind durch Verwitterungsprozesse. So entstehen Assemblagen, die den Charakter der abgenutzten gebrauchten Teile in gegossener Bronze wieder lebendig werden lassen. Seine gro\u00dfen abstrakten Holzobjekte entstehen durch Bearbeitung mit einer Kettens\u00e4ge.<\/p>\n<p style=\"text-align: justify;\">Lernen Sie <strong>Wiel Heemskerk<\/strong> kennen. Meister in Montagekunst. Aus verschiedenen losen Elementen, die oft vergessen und verloren gehen, schafft er Kunstwerke, die die Fantasie ansprechen. Durch st\u00e4ndiges Verschieben und R\u00e4tseln entstehen neue Werke. Oft ist es eine Wahl, etwas hinzuzuf\u00fcgen oder etwas wegzulassen.<br \/>\n<a href=\"https:\/\/www.dekunstvloer.nl\/\">https:\/\/www.dekunstvloer.nl\/<\/a><\/p>\n<p><strong>Altes Wasserwerk Wachtendonk, Fliethweg 44<br \/>\n<\/strong><\/p>\n<p><figure id=\"attachment_11200\" aria-describedby=\"caption-attachment-11200\" style=\"width: 178px\" class=\"wp-caption alignnone\"><img fetchpriority=\"high\" decoding=\"async\" class=\"wp-image-11200\" src=\"https:\/\/www.kulturkreis-wachtendonk.de\/cms\/wp-content\/uploads\/2023\/03\/Koppel-Wolf.png\" alt=\"&quot;Kopflast 6&quot; \nvon Helmuth Wolf\" width=\"188\" height=\"295\" srcset=\"https:\/\/www.kulturkreis-wachtendonk.de\/cms\/wp-content\/uploads\/2023\/03\/Koppel-Wolf.png 382w, https:\/\/www.kulturkreis-wachtendonk.de\/cms\/wp-content\/uploads\/2023\/03\/Koppel-Wolf-191x300.png 191w\" sizes=\"(max-width: 188px) 100vw, 188px\" \/><figcaption id=\"caption-attachment-11200\" class=\"wp-caption-text\">&#8222;Kopflast 6&#8220;, Helmuth Wolf<\/figcaption><\/figure> <figure id=\"attachment_11204\" aria-describedby=\"caption-attachment-11204\" style=\"width: 226px\" class=\"wp-caption alignnone\"><img decoding=\"async\" class=\"wp-image-11204\" src=\"https:\/\/www.kulturkreis-wachtendonk.de\/cms\/wp-content\/uploads\/2023\/03\/Koppel-Veggel-1-1.jpg\" alt=\"Objekt von Peter van Veggel\" width=\"236\" height=\"297\" srcset=\"https:\/\/www.kulturkreis-wachtendonk.de\/cms\/wp-content\/uploads\/2023\/03\/Koppel-Veggel-1-1.jpg 357w, https:\/\/www.kulturkreis-wachtendonk.de\/cms\/wp-content\/uploads\/2023\/03\/Koppel-Veggel-1-1-238x300.jpg 238w\" sizes=\"(max-width: 236px) 100vw, 236px\" \/><figcaption id=\"caption-attachment-11204\" class=\"wp-caption-text\">Objekt von Peter van Veggel<\/figcaption><\/figure> <figure id=\"attachment_11199\" aria-describedby=\"caption-attachment-11199\" style=\"width: 198px\" class=\"wp-caption alignnone\"><img loading=\"lazy\" decoding=\"async\" class=\"wp-image-11199\" src=\"https:\/\/www.kulturkreis-wachtendonk.de\/cms\/wp-content\/uploads\/2023\/03\/Koppel-Wiel-3.jpg.png\" alt=\"&quot;Under pressure&quot; von Wiel Heemskerk\" width=\"208\" height=\"299\" srcset=\"https:\/\/www.kulturkreis-wachtendonk.de\/cms\/wp-content\/uploads\/2023\/03\/Koppel-Wiel-3.jpg.png 417w, https:\/\/www.kulturkreis-wachtendonk.de\/cms\/wp-content\/uploads\/2023\/03\/Koppel-Wiel-3.jpg-209x300.png 209w\" sizes=\"(max-width: 208px) 100vw, 208px\" \/><figcaption id=\"caption-attachment-11199\" class=\"wp-caption-text\">&#8222;Under pressure&#8220;, Wiel Heemskerk<\/figcaption><\/figure><\/p>\n<p>&nbsp;<\/p>\n","protected":false},"excerpt":{"rendered":"<p>Ausstellung Arnhild Koppel &#8211; Objekte, Bilder und Graphiken Helmuth Wolf &#8211; Objekte aus Stahl und Glas Peter van Veggel &#8211; Bronze- und Holzobjekte Wiel Heemskerk &#8211; Objekte aus verschiedenen Materialien Freitag, 25.8. \u2013 Sonntag, 27.8.2023 Freitag, 25.8.2023: Er\u00f6ffnung ab 17 Uhr Samstag, 26.8.2023: 12 Uhr \u2013 19 Uhr Sonntag, 27.8.2023: 11 Uhr \u2013 18 Uhr &#8230; <\/p>\n<p class=\"read-more-container\"><a title=\"Ausstellung\" class=\"read-more button\" href=\"https:\/\/www.kulturkreis-wachtendonk.de\/cms\/ausstellung-28\/#more-11194\" aria-label=\"Mehr Informationen \u00fcber Ausstellung\">Weiterlesen &#8230;<\/a><\/p>\n","protected":false},"author":4,"featured_media":0,"comment_status":"closed","ping_status":"closed","sticky":false,"template":"","format":"standard","meta":{"footnotes":""},"categories":[16],"tags":[],"class_list":["post-11194","post","type-post","status-publish","format-standard","hentry","category-veranstaltungsarchiv"],"_links":{"self":[{"href":"https:\/\/www.kulturkreis-wachtendonk.de\/cms\/wp-json\/wp\/v2\/posts\/11194","targetHints":{"allow":["GET"]}}],"collection":[{"href":"https:\/\/www.kulturkreis-wachtendonk.de\/cms\/wp-json\/wp\/v2\/posts"}],"about":[{"href":"https:\/\/www.kulturkreis-wachtendonk.de\/cms\/wp-json\/wp\/v2\/types\/post"}],"author":[{"embeddable":true,"href":"https:\/\/www.kulturkreis-wachtendonk.de\/cms\/wp-json\/wp\/v2\/users\/4"}],"replies":[{"embeddable":true,"href":"https:\/\/www.kulturkreis-wachtendonk.de\/cms\/wp-json\/wp\/v2\/comments?post=11194"}],"version-history":[{"count":19,"href":"https:\/\/www.kulturkreis-wachtendonk.de\/cms\/wp-json\/wp\/v2\/posts\/11194\/revisions"}],"predecessor-version":[{"id":12414,"href":"https:\/\/www.kulturkreis-wachtendonk.de\/cms\/wp-json\/wp\/v2\/posts\/11194\/revisions\/12414"}],"wp:attachment":[{"href":"https:\/\/www.kulturkreis-wachtendonk.de\/cms\/wp-json\/wp\/v2\/media?parent=11194"}],"wp:term":[{"taxonomy":"category","embeddable":true,"href":"https:\/\/www.kulturkreis-wachtendonk.de\/cms\/wp-json\/wp\/v2\/categories?post=11194"},{"taxonomy":"post_tag","embeddable":true,"href":"https:\/\/www.kulturkreis-wachtendonk.de\/cms\/wp-json\/wp\/v2\/tags?post=11194"}],"curies":[{"name":"wp","href":"https:\/\/api.w.org\/{rel}","templated":true}]}}