{"id":11106,"date":"2023-07-31T08:00:01","date_gmt":"2023-07-31T06:00:01","guid":{"rendered":"https:\/\/www.kulturkreis-wachtendonk.de\/cms\/?p=11106"},"modified":"2023-07-31T09:12:47","modified_gmt":"2023-07-31T07:12:47","slug":"offenes-atelier-4","status":"publish","type":"post","link":"https:\/\/www.kulturkreis-wachtendonk.de\/cms\/offenes-atelier-4\/","title":{"rendered":"Offenes Atelier"},"content":{"rendered":"<p><strong><img decoding=\"async\" class=\"alignleft  wp-image-11103\" src=\"https:\/\/www.kulturkreis-wachtendonk.de\/cms\/wp-content\/uploads\/2023\/03\/freizeitkuenstler.jpg\" alt=\"\" width=\"146\" height=\"179\" srcset=\"https:\/\/www.kulturkreis-wachtendonk.de\/cms\/wp-content\/uploads\/2023\/03\/freizeitkuenstler.jpg 270w, https:\/\/www.kulturkreis-wachtendonk.de\/cms\/wp-content\/uploads\/2023\/03\/freizeitkuenstler-244x300.jpg 244w\" sizes=\"(max-width: 146px) 100vw, 146px\" \/><br \/>\nOffenes Atelier<\/strong><br \/>\n<strong>Freizeitk\u00fcnstler Geldern e.V.<\/strong><\/p>\n<p><strong>Montag, 24.7. \u2013&nbsp; Freitag, 28.7.2023<\/strong><\/p>\n<p><strong>t\u00e4glich 14 Uhr &#8211; 17 Uhr<\/strong><\/p>\n<p style=\"text-align: justify;\">Blau Gelb Rot.<br \/>\nDas sind die Zutaten, aus denen ihre Geschichten entstehen. Mal rund und ruhig, mal kantig und spitz.<\/p>\n<p style=\"text-align: justify;\">Was 1996 mit der Idee von einer kreativen, malbegeisterten Gruppe begann, hat sich zu einem engagierten und angesehenen Verein entwickelt.<\/p>\n<p style=\"text-align: justify;\">Ziel dieses gemeinn\u00fctzigen Vereins ist die F\u00f6rderung der Kunst. Die Mitglieder sind alle in ihrer Freizeit k\u00fcnstlerisch aktiv. Dabei sind die Stile, Maltechniken und k\u00fcnstlerischen Ideen ebenso unter\u00adschiedlich, wie die einzelnen Charaktere. Alle malen unabh\u00e4ngig voneinander und nutzen die Vereinstreffen f\u00fcr vielf\u00e4ltige Gespr\u00e4che. Sie tauschen sich \u00fcber aktuelle und regionale k\u00fcnstlerische Themen aus, vermitteln Ausstellungsm\u00f6glichkeiten f\u00fcr die Mitglieder und regen Ausstellungs\u00adbesuche oder gemeinsame Ausfl\u00fcge an.<\/p>\n<p style=\"text-align: justify;\">Dar\u00fcber hinaus unterst\u00fctzt der Verein Aktivit\u00e4ten in der Region, wie beispiels\u00adweise das TurmStipendium im Wasserturm Geldern.<\/p>\n<p style=\"text-align: justify;\">Zentrales Ereignis des Vereinslebens ist die gemeinsame j\u00e4hrliche Ausstellung, bei der die Werke jeweils im Herbst f\u00fcr ein Wochenende im Martinihaus in Veert zu sehen sind. Einmal im Jahr treffen sich die Freizeitk\u00fcnstler zu einer zwanglosen gemeinsamen Malwoche im Alten Wasserwerk in Wachtendonk. In diesem Jahr vom 24.07.-28.07.2023. In dieser Kreativwoche stehen die T\u00fcren f\u00fcr Besucher und Interessierte weit offen. Sie k\u00f6nnen den K\u00fcnstlerinnen und K\u00fcnstlern beim Arbeiten \u00fcber die Schultern sehen und mit ihnen ins Gespr\u00e4ch kommen.<\/p>\n<p><strong>Altes Wasserwerk Wachtendonk, Fliethweg 44<\/strong><strong><br \/>\n<\/strong><\/p>\n","protected":false},"excerpt":{"rendered":"<p>Offenes Atelier Freizeitk\u00fcnstler Geldern e.V. Montag, 24.7. \u2013&nbsp; Freitag, 28.7.2023 t\u00e4glich 14 Uhr &#8211; 17 Uhr Blau Gelb Rot. Das sind die Zutaten, aus denen ihre Geschichten entstehen. Mal rund und ruhig, mal kantig und spitz. Was 1996 mit der Idee von einer kreativen, malbegeisterten Gruppe begann, hat sich zu einem engagierten und angesehenen Verein &#8230; <\/p>\n<p class=\"read-more-container\"><a title=\"Offenes Atelier\" class=\"read-more button\" href=\"https:\/\/www.kulturkreis-wachtendonk.de\/cms\/offenes-atelier-4\/#more-11106\" aria-label=\"Mehr Informationen \u00fcber Offenes Atelier\">Weiterlesen &#8230;<\/a><\/p>\n","protected":false},"author":4,"featured_media":0,"comment_status":"closed","ping_status":"closed","sticky":false,"template":"","format":"standard","meta":{"footnotes":""},"categories":[16],"tags":[],"class_list":["post-11106","post","type-post","status-publish","format-standard","hentry","category-veranstaltungsarchiv"],"_links":{"self":[{"href":"https:\/\/www.kulturkreis-wachtendonk.de\/cms\/wp-json\/wp\/v2\/posts\/11106","targetHints":{"allow":["GET"]}}],"collection":[{"href":"https:\/\/www.kulturkreis-wachtendonk.de\/cms\/wp-json\/wp\/v2\/posts"}],"about":[{"href":"https:\/\/www.kulturkreis-wachtendonk.de\/cms\/wp-json\/wp\/v2\/types\/post"}],"author":[{"embeddable":true,"href":"https:\/\/www.kulturkreis-wachtendonk.de\/cms\/wp-json\/wp\/v2\/users\/4"}],"replies":[{"embeddable":true,"href":"https:\/\/www.kulturkreis-wachtendonk.de\/cms\/wp-json\/wp\/v2\/comments?post=11106"}],"version-history":[{"count":6,"href":"https:\/\/www.kulturkreis-wachtendonk.de\/cms\/wp-json\/wp\/v2\/posts\/11106\/revisions"}],"predecessor-version":[{"id":11642,"href":"https:\/\/www.kulturkreis-wachtendonk.de\/cms\/wp-json\/wp\/v2\/posts\/11106\/revisions\/11642"}],"wp:attachment":[{"href":"https:\/\/www.kulturkreis-wachtendonk.de\/cms\/wp-json\/wp\/v2\/media?parent=11106"}],"wp:term":[{"taxonomy":"category","embeddable":true,"href":"https:\/\/www.kulturkreis-wachtendonk.de\/cms\/wp-json\/wp\/v2\/categories?post=11106"},{"taxonomy":"post_tag","embeddable":true,"href":"https:\/\/www.kulturkreis-wachtendonk.de\/cms\/wp-json\/wp\/v2\/tags?post=11106"}],"curies":[{"name":"wp","href":"https:\/\/api.w.org\/{rel}","templated":true}]}}