{"id":11096,"date":"2023-07-24T11:00:20","date_gmt":"2023-07-24T09:00:20","guid":{"rendered":"https:\/\/www.kulturkreis-wachtendonk.de\/cms\/?p=11096"},"modified":"2023-07-24T11:22:24","modified_gmt":"2023-07-24T09:22:24","slug":"ausstellung-25","status":"publish","type":"post","link":"https:\/\/www.kulturkreis-wachtendonk.de\/cms\/ausstellung-25\/","title":{"rendered":"Ausstellung"},"content":{"rendered":"<p><strong><img decoding=\"async\" class=\"alignleft  wp-image-11097\" src=\"https:\/\/www.kulturkreis-wachtendonk.de\/cms\/wp-content\/uploads\/2023\/03\/Kretschmer-FarbpaletteCo-3-scaled.jpg\" alt=\"\" width=\"246\" height=\"185\" srcset=\"https:\/\/www.kulturkreis-wachtendonk.de\/cms\/wp-content\/uploads\/2023\/03\/Kretschmer-FarbpaletteCo-3-scaled.jpg 2560w, https:\/\/www.kulturkreis-wachtendonk.de\/cms\/wp-content\/uploads\/2023\/03\/Kretschmer-FarbpaletteCo-3-300x225.jpg 300w, https:\/\/www.kulturkreis-wachtendonk.de\/cms\/wp-content\/uploads\/2023\/03\/Kretschmer-FarbpaletteCo-3-1024x768.jpg 1024w, https:\/\/www.kulturkreis-wachtendonk.de\/cms\/wp-content\/uploads\/2023\/03\/Kretschmer-FarbpaletteCo-3-768x576.jpg 768w, https:\/\/www.kulturkreis-wachtendonk.de\/cms\/wp-content\/uploads\/2023\/03\/Kretschmer-FarbpaletteCo-3-1536x1152.jpg 1536w, https:\/\/www.kulturkreis-wachtendonk.de\/cms\/wp-content\/uploads\/2023\/03\/Kretschmer-FarbpaletteCo-3-2048x1536.jpg 2048w\" sizes=\"(max-width: 246px) 100vw, 246px\" \/><\/strong><\/p>\n<p><strong><br \/>\nAusstellung <\/strong><br \/>\n<strong>KunstTour mit Ute Kretschmer<\/strong><\/p>\n<p><strong>Montag, 17.7. \u2013 Sonntag, 23.7.2023<\/strong><\/p>\n<p><strong>t\u00e4glich 11 Uhr bis 17 Uhr<\/strong><\/p>\n<p style=\"text-align: justify;\">Gemeinsam mit Freunden des Malkreises und Ihrer Familie arbeitet die K\u00fcnstlerin Ute Kretschmer im Alten Wasserwerk. Sie wollen sich von der Architektur des Gem\u00e4uers und der Natur inspirieren lassen.<\/p>\n<p style=\"text-align: justify;\">Im Rahmen des offenen Ateliers freuen sich die Kunstschaffenden auf den kreativen Austausch mit ihren G\u00e4sten. Am Wochenende 22. \/ 23.7.2023 werden die in dieser Woche entstandenen Kunstwerke im Rahmen einer Werksausstellung pr\u00e4sentiert.<\/p>\n<p><strong>Altes Wasserwerk Wachtendonk, Fliethweg 44<\/strong><\/p>\n","protected":false},"excerpt":{"rendered":"<p>Ausstellung KunstTour mit Ute Kretschmer Montag, 17.7. \u2013 Sonntag, 23.7.2023 t\u00e4glich 11 Uhr bis 17 Uhr Gemeinsam mit Freunden des Malkreises und Ihrer Familie arbeitet die K\u00fcnstlerin Ute Kretschmer im Alten Wasserwerk. Sie wollen sich von der Architektur des Gem\u00e4uers und der Natur inspirieren lassen. Im Rahmen des offenen Ateliers freuen sich die Kunstschaffenden auf &#8230; <\/p>\n<p class=\"read-more-container\"><a title=\"Ausstellung\" class=\"read-more button\" href=\"https:\/\/www.kulturkreis-wachtendonk.de\/cms\/ausstellung-25\/#more-11096\" aria-label=\"Mehr Informationen \u00fcber Ausstellung\">Weiterlesen &#8230;<\/a><\/p>\n","protected":false},"author":4,"featured_media":0,"comment_status":"closed","ping_status":"closed","sticky":false,"template":"","format":"standard","meta":{"footnotes":""},"categories":[16],"tags":[],"class_list":["post-11096","post","type-post","status-publish","format-standard","hentry","category-veranstaltungsarchiv"],"_links":{"self":[{"href":"https:\/\/www.kulturkreis-wachtendonk.de\/cms\/wp-json\/wp\/v2\/posts\/11096","targetHints":{"allow":["GET"]}}],"collection":[{"href":"https:\/\/www.kulturkreis-wachtendonk.de\/cms\/wp-json\/wp\/v2\/posts"}],"about":[{"href":"https:\/\/www.kulturkreis-wachtendonk.de\/cms\/wp-json\/wp\/v2\/types\/post"}],"author":[{"embeddable":true,"href":"https:\/\/www.kulturkreis-wachtendonk.de\/cms\/wp-json\/wp\/v2\/users\/4"}],"replies":[{"embeddable":true,"href":"https:\/\/www.kulturkreis-wachtendonk.de\/cms\/wp-json\/wp\/v2\/comments?post=11096"}],"version-history":[{"count":4,"href":"https:\/\/www.kulturkreis-wachtendonk.de\/cms\/wp-json\/wp\/v2\/posts\/11096\/revisions"}],"predecessor-version":[{"id":11659,"href":"https:\/\/www.kulturkreis-wachtendonk.de\/cms\/wp-json\/wp\/v2\/posts\/11096\/revisions\/11659"}],"wp:attachment":[{"href":"https:\/\/www.kulturkreis-wachtendonk.de\/cms\/wp-json\/wp\/v2\/media?parent=11096"}],"wp:term":[{"taxonomy":"category","embeddable":true,"href":"https:\/\/www.kulturkreis-wachtendonk.de\/cms\/wp-json\/wp\/v2\/categories?post=11096"},{"taxonomy":"post_tag","embeddable":true,"href":"https:\/\/www.kulturkreis-wachtendonk.de\/cms\/wp-json\/wp\/v2\/tags?post=11096"}],"curies":[{"name":"wp","href":"https:\/\/api.w.org\/{rel}","templated":true}]}}