{"id":11078,"date":"2023-07-09T17:00:31","date_gmt":"2023-07-09T15:00:31","guid":{"rendered":"https:\/\/www.kulturkreis-wachtendonk.de\/cms\/?p=11078"},"modified":"2023-08-13T18:08:38","modified_gmt":"2023-08-13T16:08:38","slug":"ausstellung-26","status":"publish","type":"post","link":"https:\/\/www.kulturkreis-wachtendonk.de\/cms\/ausstellung-26\/","title":{"rendered":"Ausstellung"},"content":{"rendered":"<p><strong><img fetchpriority=\"high\" decoding=\"async\" class=\"alignleft  wp-image-11262\" src=\"https:\/\/www.kulturkreis-wachtendonk.de\/cms\/wp-content\/uploads\/2022\/02\/Thesing-neu-scaled.jpg\" alt=\"\" width=\"268\" height=\"206\" srcset=\"https:\/\/www.kulturkreis-wachtendonk.de\/cms\/wp-content\/uploads\/2022\/02\/Thesing-neu-scaled.jpg 2560w, https:\/\/www.kulturkreis-wachtendonk.de\/cms\/wp-content\/uploads\/2022\/02\/Thesing-neu-300x231.jpg 300w, https:\/\/www.kulturkreis-wachtendonk.de\/cms\/wp-content\/uploads\/2022\/02\/Thesing-neu-1024x788.jpg 1024w, https:\/\/www.kulturkreis-wachtendonk.de\/cms\/wp-content\/uploads\/2022\/02\/Thesing-neu-768x591.jpg 768w, https:\/\/www.kulturkreis-wachtendonk.de\/cms\/wp-content\/uploads\/2022\/02\/Thesing-neu-1536x1182.jpg 1536w, https:\/\/www.kulturkreis-wachtendonk.de\/cms\/wp-content\/uploads\/2022\/02\/Thesing-neu-2048x1576.jpg 2048w\" sizes=\"(max-width: 268px) 100vw, 268px\" \/><\/strong><\/p>\n<p>&nbsp;<\/p>\n<p><strong>Ausstellung <\/strong><br \/>\n<strong>Alfons Thesing, Gerda Lipski, Ela Moonen und Ilka Habrich<br \/>\n<\/strong><\/p>\n<p><strong>Montag, 26.6. &#8211; Sonntag, 9.7.2023<\/strong><\/p>\n<p><strong>Freitag, 7.7.2023: 14 Uhr &#8211; 19 Uhr Ausstellung<\/strong><br \/>\n<strong>Samstag, 8.7.2023: 14 Uhr &#8211; 19 Uhr Ausstellung<\/strong><br \/>\n<strong>Im \u00dcbrigen: Anwesenheit der K\u00fcnstler bitte unter 0163-178 78 08 erfragen<\/strong><\/p>\n<p>&nbsp;<\/p>\n<p style=\"text-align: justify;\">Drei K\u00fcnstlerinnen und ein K\u00fcnstler aus W\u00fcrselen bei Aachen schlagen &nbsp;vom 26.06. bis zum 09.07. ihr Atelier im alten Wasserwerk Wachtendonk auf. Sie wollen die 14 Tage nutzen, um einerseits eigene Projekte und Ideen weiter zu entwickeln und umzusetzen, andererseits aber auch mit interessierten Besuchern ins Gespr\u00e4ch zu kommen. Diese sind herzlich willkommen, wenn das Tor ge\u00f6ffnet ist.<\/p>\n<p style=\"text-align: justify;\">In einer abschlie\u00dfenden Ausstellung werden die entstandenen Werke und Projekte pr\u00e4sentiert und zwar Freitag, den 07.07. und Samstag, den 08.07., jeweils von 14 bis 19 Uhr. Besucher sind herzlich willkommen. Der Eintritt ist frei.<\/p>\n<p style=\"text-align: justify;\">Zu den K\u00fcnstlerInnen:<\/p>\n<p style=\"text-align: justify;\">Die Krefelderin <strong>Ilka Habrich<\/strong> ist zum 2. Mal dabei. Sie studierte Freie Kunst an der staatlichen Kunstakademie M\u00fcnster bei Ludmilla von Arseniew und Joachim Bandau. Ilka Habrich besch\u00e4ftigt sich in ihren Bildern mit Ph\u00e4nomenen der Natur, Mensch-Natur-Interaktionen und der menschlichen Spur in der Landschaft. In der Malerei wird diese Thematik kaum bis radikal abstrahiert. In verschiedenen Techniken l\u00e4sst Ilka Habrich Farbr\u00e4ume wachsen, in denen sich die Gegens\u00e4tze von Licht und Dunkel, von Sch\u00e4rfe und Unsch\u00e4rfe, von Realit\u00e4t und Imagination begegnen.<\/p>\n<p style=\"text-align: justify;\">Malerei, Fotografie und Kunstaktionen&nbsp;sind die Hauptgewerke von <strong>Ela Moonen<\/strong>.&nbsp;Sie sind konsistent und gleichsam gibt es keine Festlegung in Material, Form, Farbe und Inhalt. Im \u201eAlten Wasserwerk Wachtendonk\u201c kann Ela Moonen r\u00e4umlich und zeitlich weitgehend \u201efrei\u201c arbeiten und hat so die M\u00f6glichkeit, neue k\u00fcnstlerische Wege zu entdecken und weiterzuentwickeln.&nbsp;An die Arbeit vom vergangenen Jahr m\u00f6chte sie ankn\u00fcpfen, indem sie&nbsp;schillernd blaue Libellen, tanzende M\u00fccken und faszinierende Bachgew\u00e4chse an der Nette und am Aersbeckerbach 2022 fotografisch festgehalten hatte, dieses Rohmaterial 2023 weiter bearbeiten m\u00f6chte und zur Abschlussausstellung zeigen wird.<\/p>\n<p style=\"text-align: justify;\">Im weitesten Sinne Landschaft, so definiert <strong>Gerda Lipski<\/strong> die Werke ihrer neuen Serie. Sie greift unter anderem die Formen der niederrheinischen Landschaft auf und \u00fcbersetzt sie in ihre eigene Form- und Farbsprache \u2013 ohne Details, nur farbige, fl\u00e4chige Kompositionen, der innere Widerhall der unvergleichlichen, unkopierbaren Natur in ihrem Herzen.<\/p>\n<p style=\"text-align: justify;\"><strong>Alfons Thesing<\/strong> arbeitet vorwiegend mit Holz, er kombiniert auch gerne mehrere Materialien dazu, z.B. Stahl, Farbe, Stoffe, Plastik\u2026 Der K\u00fcnstler ist selber sehr gespannt, was daraus entsteht. Zur Ausstellung sind auch einige seiner bekannten Daubenkunstwerke zu sehen.<\/p>\n<p style=\"text-align: justify;\">Besucher, die in der Zeit vom 26.06. bis zum 06.07. in der offenen Werkstatt vorbeischauen wollen, k\u00f6nnen sich vorher auch telefonisch unter 0163 1787808 erkundigen, um sicher zu gehen, dass die K\u00fcnstlerInnen auch anwesend sind.<\/p>\n<p><strong>Altes Wasserwerk Wachtendonk, Fliethweg 44<\/strong><\/p>\n","protected":false},"excerpt":{"rendered":"<p>&nbsp; Ausstellung Alfons Thesing, Gerda Lipski, Ela Moonen und Ilka Habrich Montag, 26.6. &#8211; Sonntag, 9.7.2023 Freitag, 7.7.2023: 14 Uhr &#8211; 19 Uhr Ausstellung Samstag, 8.7.2023: 14 Uhr &#8211; 19 Uhr Ausstellung Im \u00dcbrigen: Anwesenheit der K\u00fcnstler bitte unter 0163-178 78 08 erfragen &nbsp; Drei K\u00fcnstlerinnen und ein K\u00fcnstler aus W\u00fcrselen bei Aachen schlagen &nbsp;vom &#8230; <\/p>\n<p class=\"read-more-container\"><a title=\"Ausstellung\" class=\"read-more button\" href=\"https:\/\/www.kulturkreis-wachtendonk.de\/cms\/ausstellung-26\/#more-11078\" aria-label=\"Mehr Informationen \u00fcber Ausstellung\">Weiterlesen &#8230;<\/a><\/p>\n","protected":false},"author":4,"featured_media":0,"comment_status":"closed","ping_status":"closed","sticky":false,"template":"","format":"standard","meta":{"footnotes":""},"categories":[16],"tags":[],"class_list":["post-11078","post","type-post","status-publish","format-standard","hentry","category-veranstaltungsarchiv"],"_links":{"self":[{"href":"https:\/\/www.kulturkreis-wachtendonk.de\/cms\/wp-json\/wp\/v2\/posts\/11078","targetHints":{"allow":["GET"]}}],"collection":[{"href":"https:\/\/www.kulturkreis-wachtendonk.de\/cms\/wp-json\/wp\/v2\/posts"}],"about":[{"href":"https:\/\/www.kulturkreis-wachtendonk.de\/cms\/wp-json\/wp\/v2\/types\/post"}],"author":[{"embeddable":true,"href":"https:\/\/www.kulturkreis-wachtendonk.de\/cms\/wp-json\/wp\/v2\/users\/4"}],"replies":[{"embeddable":true,"href":"https:\/\/www.kulturkreis-wachtendonk.de\/cms\/wp-json\/wp\/v2\/comments?post=11078"}],"version-history":[{"count":6,"href":"https:\/\/www.kulturkreis-wachtendonk.de\/cms\/wp-json\/wp\/v2\/posts\/11078\/revisions"}],"predecessor-version":[{"id":11652,"href":"https:\/\/www.kulturkreis-wachtendonk.de\/cms\/wp-json\/wp\/v2\/posts\/11078\/revisions\/11652"}],"wp:attachment":[{"href":"https:\/\/www.kulturkreis-wachtendonk.de\/cms\/wp-json\/wp\/v2\/media?parent=11078"}],"wp:term":[{"taxonomy":"category","embeddable":true,"href":"https:\/\/www.kulturkreis-wachtendonk.de\/cms\/wp-json\/wp\/v2\/categories?post=11078"},{"taxonomy":"post_tag","embeddable":true,"href":"https:\/\/www.kulturkreis-wachtendonk.de\/cms\/wp-json\/wp\/v2\/tags?post=11078"}],"curies":[{"name":"wp","href":"https:\/\/api.w.org\/{rel}","templated":true}]}}