{"id":11022,"date":"2023-03-08T15:01:57","date_gmt":"2023-03-08T14:01:57","guid":{"rendered":"https:\/\/www.kulturkreis-wachtendonk.de\/cms\/?p=11022"},"modified":"2023-06-05T10:06:31","modified_gmt":"2023-06-05T08:06:31","slug":"sprechende-ausstellung-2","status":"publish","type":"post","link":"https:\/\/www.kulturkreis-wachtendonk.de\/cms\/sprechende-ausstellung-2\/","title":{"rendered":"Sprechende Ausstellung"},"content":{"rendered":"<p><strong><img decoding=\"async\" class=\"alignleft  wp-image-11035\" src=\"https:\/\/www.kulturkreis-wachtendonk.de\/cms\/wp-content\/uploads\/2023\/02\/NadjaSelewski-2-WW-scaled.jpg\" alt=\"\" width=\"176\" height=\"235\" srcset=\"https:\/\/www.kulturkreis-wachtendonk.de\/cms\/wp-content\/uploads\/2023\/02\/NadjaSelewski-2-WW-scaled.jpg 1920w, https:\/\/www.kulturkreis-wachtendonk.de\/cms\/wp-content\/uploads\/2023\/02\/NadjaSelewski-2-WW-225x300.jpg 225w, https:\/\/www.kulturkreis-wachtendonk.de\/cms\/wp-content\/uploads\/2023\/02\/NadjaSelewski-2-WW-768x1024.jpg 768w, https:\/\/www.kulturkreis-wachtendonk.de\/cms\/wp-content\/uploads\/2023\/02\/NadjaSelewski-2-WW-1152x1536.jpg 1152w, https:\/\/www.kulturkreis-wachtendonk.de\/cms\/wp-content\/uploads\/2023\/02\/NadjaSelewski-2-WW-1536x2048.jpg 1536w\" sizes=\"(max-width: 176px) 100vw, 176px\" \/><\/strong><\/p>\n<p>&nbsp;<\/p>\n<p><strong>Sprechende Ausstellung<br \/>\n<\/strong><strong>von Nina Starnina und Aniko Varadi<\/strong><\/p>\n<p><strong>Samstag, 6.5. &#8211; Sonntag, 21.5.2023<\/strong><\/p>\n<p><strong>Er\u00f6ffnungsvernissage Samstag, 6.5.2023,&nbsp; 17 Uhr <\/strong><br \/>\n<strong>Abschlussvernissage Sonntag, 21.5.2023, 14 Uhr<\/strong><\/p>\n<p style=\"text-align: justify;\">Nasen der M\u00fchlenstadt<\/p>\n<p style=\"text-align: justify;\">Innerhalb der Ausstellung besch\u00e4ftigt sich Nina Starnina mit den \u201eNasen\u201c, also mit den Menschen der M\u00fchlenstadt Wegberg. Diese Menschen umgeben und pr\u00e4gen Nina Starnina auf ihrem k\u00fcnstlerischen Weg und sie haben einen guten Riecher f\u00fcr deren Leben und deren Aufgaben. Genau das findet Nina Starnina an ihren Mitmenschen faszinierend. Die M\u00fchlen verbinden sich mit den Nasen zu einem Kunstwerk, um eine Geschichte k\u00fcnstlerischer Wahrnehmung zu erz\u00e4hlen.<\/p>\n<p style=\"text-align: justify;\">In der Er\u00f6ffnungsvernissage am 6.Mai ab 17 Uhr finden wir eine weitere Nase, dessen Geschichte auf die Leinwand gebracht wird. Dieses pers\u00f6nliche Bildnis wird w\u00e4hrend der Ausstellungslaufzeit gemalt und in der Abschlussvernissage am 21.Mai um 14 Uhr in die H\u00e4nde des Gewinners \u00fcbergeben.<\/p>\n<p style=\"text-align: justify;\">Ihr Kunstinteressierten, seid herzlich willkommen auch w\u00e4hrend der ver\u00f6ffentlichten \u00d6ffnungszeiten die Ausstellung zu besuchen, Nina Starnina beim \u201eEinfach Malen\u201c der Gewinner-Nase zu betrachten oder bei einer Tee-Stunde in den kommunikativen Austausch zu kommen.<\/p>\n<p style=\"text-align: justify;\">Weitere Informationen unter:<\/p>\n<p><a href=\"http:\/\/www.ninastarnina.com\">www.ninastarnina.com<\/a><\/p>\n<p><a href=\"http:\/\/www.instagram.com\/nina_starnina\">www.instagram.com\/nina_starnina<\/a><\/p>\n<p><a href=\"http:\/\/www.youtube.com\/@ninastarnina\">www.youtube.com\/@ninastarnina<\/a><\/p>\n<p><strong>Altes Wasserwerk Wachtendonk, Fliethweg 44<br \/>\n<\/strong><\/p>\n","protected":false},"excerpt":{"rendered":"<p>&nbsp; Sprechende Ausstellung von Nina Starnina und Aniko Varadi Samstag, 6.5. &#8211; Sonntag, 21.5.2023 Er\u00f6ffnungsvernissage Samstag, 6.5.2023,&nbsp; 17 Uhr Abschlussvernissage Sonntag, 21.5.2023, 14 Uhr Nasen der M\u00fchlenstadt Innerhalb der Ausstellung besch\u00e4ftigt sich Nina Starnina mit den \u201eNasen\u201c, also mit den Menschen der M\u00fchlenstadt Wegberg. Diese Menschen umgeben und pr\u00e4gen Nina Starnina auf ihrem k\u00fcnstlerischen Weg &#8230; <\/p>\n<p class=\"read-more-container\"><a title=\"Sprechende Ausstellung\" class=\"read-more button\" href=\"https:\/\/www.kulturkreis-wachtendonk.de\/cms\/sprechende-ausstellung-2\/#more-11022\" aria-label=\"Mehr Informationen \u00fcber Sprechende Ausstellung\">Weiterlesen &#8230;<\/a><\/p>\n","protected":false},"author":4,"featured_media":0,"comment_status":"closed","ping_status":"closed","sticky":false,"template":"","format":"standard","meta":{"footnotes":""},"categories":[16],"tags":[],"class_list":["post-11022","post","type-post","status-publish","format-standard","hentry","category-veranstaltungsarchiv"],"_links":{"self":[{"href":"https:\/\/www.kulturkreis-wachtendonk.de\/cms\/wp-json\/wp\/v2\/posts\/11022","targetHints":{"allow":["GET"]}}],"collection":[{"href":"https:\/\/www.kulturkreis-wachtendonk.de\/cms\/wp-json\/wp\/v2\/posts"}],"about":[{"href":"https:\/\/www.kulturkreis-wachtendonk.de\/cms\/wp-json\/wp\/v2\/types\/post"}],"author":[{"embeddable":true,"href":"https:\/\/www.kulturkreis-wachtendonk.de\/cms\/wp-json\/wp\/v2\/users\/4"}],"replies":[{"embeddable":true,"href":"https:\/\/www.kulturkreis-wachtendonk.de\/cms\/wp-json\/wp\/v2\/comments?post=11022"}],"version-history":[{"count":7,"href":"https:\/\/www.kulturkreis-wachtendonk.de\/cms\/wp-json\/wp\/v2\/posts\/11022\/revisions"}],"predecessor-version":[{"id":11536,"href":"https:\/\/www.kulturkreis-wachtendonk.de\/cms\/wp-json\/wp\/v2\/posts\/11022\/revisions\/11536"}],"wp:attachment":[{"href":"https:\/\/www.kulturkreis-wachtendonk.de\/cms\/wp-json\/wp\/v2\/media?parent=11022"}],"wp:term":[{"taxonomy":"category","embeddable":true,"href":"https:\/\/www.kulturkreis-wachtendonk.de\/cms\/wp-json\/wp\/v2\/categories?post=11022"},{"taxonomy":"post_tag","embeddable":true,"href":"https:\/\/www.kulturkreis-wachtendonk.de\/cms\/wp-json\/wp\/v2\/tags?post=11022"}],"curies":[{"name":"wp","href":"https:\/\/api.w.org\/{rel}","templated":true}]}}