{"id":10934,"date":"2023-06-09T23:00:13","date_gmt":"2023-06-09T21:00:13","guid":{"rendered":"https:\/\/www.kulturkreis-wachtendonk.de\/cms\/?p=10934"},"modified":"2023-06-12T11:04:29","modified_gmt":"2023-06-12T09:04:29","slug":"kabarett-comedy-im-festzelt-2","status":"publish","type":"post","link":"https:\/\/www.kulturkreis-wachtendonk.de\/cms\/kabarett-comedy-im-festzelt-2\/","title":{"rendered":"Kabarett\/Comedy im Festzelt"},"content":{"rendered":"<p><strong><img decoding=\"async\" class=\"alignleft  wp-image-10935\" src=\"https:\/\/www.kulturkreis-wachtendonk.de\/cms\/wp-content\/uploads\/2023\/02\/Foto-Ruhig-Brauner_300dpi.jpg\" alt=\"\" width=\"165\" height=\"234\" srcset=\"https:\/\/www.kulturkreis-wachtendonk.de\/cms\/wp-content\/uploads\/2023\/02\/Foto-Ruhig-Brauner_300dpi.jpg 1772w, https:\/\/www.kulturkreis-wachtendonk.de\/cms\/wp-content\/uploads\/2023\/02\/Foto-Ruhig-Brauner_300dpi-212x300.jpg 212w, https:\/\/www.kulturkreis-wachtendonk.de\/cms\/wp-content\/uploads\/2023\/02\/Foto-Ruhig-Brauner_300dpi-725x1024.jpg 725w, https:\/\/www.kulturkreis-wachtendonk.de\/cms\/wp-content\/uploads\/2023\/02\/Foto-Ruhig-Brauner_300dpi-768x1085.jpg 768w, https:\/\/www.kulturkreis-wachtendonk.de\/cms\/wp-content\/uploads\/2023\/02\/Foto-Ruhig-Brauner_300dpi-1087x1536.jpg 1087w, https:\/\/www.kulturkreis-wachtendonk.de\/cms\/wp-content\/uploads\/2023\/02\/Foto-Ruhig-Brauner_300dpi-1450x2048.jpg 1450w\" sizes=\"(max-width: 165px) 100vw, 165px\" \/><\/strong><\/p>\n<p>&nbsp;<\/p>\n<p><strong>Kabarett\/Comedy im Festzelt<\/strong><\/p>\n<p><strong>Dave Davis <\/strong><\/p>\n<p><strong>\u201eRuhig, Brauner!\u201c<br \/>\nDemokratie ist nichts f\u00fcr Lappen<\/strong><\/p>\n<p><strong>Freitag, 9.6.2023, <del>20 Uhr<\/del>&nbsp; &nbsp;19.30 Uhr&nbsp; &nbsp; <span style=\"color: #ff0000;\">Achtung: Neue Anfangszeit!<\/span><\/strong><\/p>\n<p style=\"text-align: justify;\">Dave Davis, der \u201eSunshine-Generator\u201c der deutschen Kabarett- und Comedy-Szene, hat sein als Liveshow getarntes Soforthilfepaket f\u00fcr Deutschland pickepackevoll geschn\u00fcrt: Herzlich willkommen zu &#8222;Ruhig, Brauner! &#8211; Demokratie ist nichts f\u00fcr Lappen&#8220;.<\/p>\n<p style=\"text-align: justify;\">Wir Menschen verstehen uns als die letzte Sprosse der Evolutionsleiter, und das Leben k\u00f6nnte doch so einfach sein, w\u00e4ren da blo\u00df nicht all die anderen.<\/p>\n<p style=\"text-align: justify;\">Unsere Mitmenschen lassen unseren \u201eAggrozytenpegel\u201c in kritische H\u00f6hen schnellen und wir eskalieren.<\/p>\n<p style=\"text-align: justify;\">Grassierende Pandemien, ein beschleunigter Klimawandel und Wut befl\u00fcgelnde soziale Ungleichheit dr\u00e4ngen sich in unser gesellschaftliches Panorama. Gibt es beim Menschen &#8211; \u00e4hnlich wie bei Hunden \u2013 auch Rassen? Und wenn ja, f\u00fcr welche Menschen gilt dann die Leinen- und Maulkorbpflicht? Ein nicht unerheblicher Teil der deutschen Bev\u00f6lkerung f\u00fchlt sich von der Komplexit\u00e4t unserer Welt \u00fcberfordert. Mit dem Kl\u00f6ppel der einfachen L\u00f6sungen l\u00e4uten Verschw\u00f6rungstheoretiker ihre Hochkonjunktur ein und finden nicht nur bei geistigen Abendgrundsch\u00fclern Anklang.<\/p>\n<p style=\"text-align: justify;\">Was nun? Untergang als Weg? Krise als Devise? Kann man machen, muss man aber nicht. Oder vielleicht lieber \u201eSinging In The Rain\u201c? Muss man nicht machen, sollte man aber!<\/p>\n<p style=\"text-align: justify;\">Sie wollen wissen wie? Dann erleben Sie Dave Davis live!<\/p>\n<p style=\"text-align: justify;\">Der zweifache Prix-Pantheon-Gewinner, Comedypreistr\u00e4ger und Tr\u00e4ger des Stuttgarter Besens in Gold spricht und singt in \u201eRuhig, Brauner!\u201c ein Pl\u00e4doyer f\u00fcr Lebensfreude und Zufriedenheit in sowohl geschmeidigen, als auch widrigen Zeiten.<\/p>\n<p><span style=\"color: #ff0000;\"><strong>Die Veranstaltung findet in Zusammenarbeit mit der Vereinigten St. Antonius- und St. Johannes Bruderschaft Wachtendonk &#8211; Stadt im Rahmen der Sommerkirmes statt. <\/strong><\/span><\/p>\n<p><strong>Festzelt auf dem Friedensplatz Wachtendonk<\/strong><\/p>\n","protected":false},"excerpt":{"rendered":"<p>&nbsp; Kabarett\/Comedy im Festzelt Dave Davis \u201eRuhig, Brauner!\u201c Demokratie ist nichts f\u00fcr Lappen Freitag, 9.6.2023, 20 Uhr&nbsp; &nbsp;19.30 Uhr&nbsp; &nbsp; Achtung: Neue Anfangszeit! Dave Davis, der \u201eSunshine-Generator\u201c der deutschen Kabarett- und Comedy-Szene, hat sein als Liveshow getarntes Soforthilfepaket f\u00fcr Deutschland pickepackevoll geschn\u00fcrt: Herzlich willkommen zu &#8222;Ruhig, Brauner! &#8211; Demokratie ist nichts f\u00fcr Lappen&#8220;. Wir Menschen &#8230; <\/p>\n<p class=\"read-more-container\"><a title=\"Kabarett\/Comedy im Festzelt\" class=\"read-more button\" href=\"https:\/\/www.kulturkreis-wachtendonk.de\/cms\/kabarett-comedy-im-festzelt-2\/#more-10934\" aria-label=\"Mehr Informationen \u00fcber Kabarett\/Comedy im Festzelt\">Weiterlesen &#8230;<\/a><\/p>\n","protected":false},"author":4,"featured_media":0,"comment_status":"closed","ping_status":"closed","sticky":false,"template":"","format":"standard","meta":{"footnotes":""},"categories":[16],"tags":[],"class_list":["post-10934","post","type-post","status-publish","format-standard","hentry","category-veranstaltungsarchiv"],"_links":{"self":[{"href":"https:\/\/www.kulturkreis-wachtendonk.de\/cms\/wp-json\/wp\/v2\/posts\/10934","targetHints":{"allow":["GET"]}}],"collection":[{"href":"https:\/\/www.kulturkreis-wachtendonk.de\/cms\/wp-json\/wp\/v2\/posts"}],"about":[{"href":"https:\/\/www.kulturkreis-wachtendonk.de\/cms\/wp-json\/wp\/v2\/types\/post"}],"author":[{"embeddable":true,"href":"https:\/\/www.kulturkreis-wachtendonk.de\/cms\/wp-json\/wp\/v2\/users\/4"}],"replies":[{"embeddable":true,"href":"https:\/\/www.kulturkreis-wachtendonk.de\/cms\/wp-json\/wp\/v2\/comments?post=10934"}],"version-history":[{"count":17,"href":"https:\/\/www.kulturkreis-wachtendonk.de\/cms\/wp-json\/wp\/v2\/posts\/10934\/revisions"}],"predecessor-version":[{"id":11539,"href":"https:\/\/www.kulturkreis-wachtendonk.de\/cms\/wp-json\/wp\/v2\/posts\/10934\/revisions\/11539"}],"wp:attachment":[{"href":"https:\/\/www.kulturkreis-wachtendonk.de\/cms\/wp-json\/wp\/v2\/media?parent=10934"}],"wp:term":[{"taxonomy":"category","embeddable":true,"href":"https:\/\/www.kulturkreis-wachtendonk.de\/cms\/wp-json\/wp\/v2\/categories?post=10934"},{"taxonomy":"post_tag","embeddable":true,"href":"https:\/\/www.kulturkreis-wachtendonk.de\/cms\/wp-json\/wp\/v2\/tags?post=10934"}],"curies":[{"name":"wp","href":"https:\/\/api.w.org\/{rel}","templated":true}]}}