{"id":10920,"date":"2023-03-06T16:28:15","date_gmt":"2023-03-06T15:28:15","guid":{"rendered":"https:\/\/www.kulturkreis-wachtendonk.de\/cms\/?p=10920"},"modified":"2023-05-26T14:20:38","modified_gmt":"2023-05-26T12:20:38","slug":"tango-argentino-15","status":"publish","type":"post","link":"https:\/\/www.kulturkreis-wachtendonk.de\/cms\/tango-argentino-15\/","title":{"rendered":"Tango Argentino"},"content":{"rendered":"<p><strong><img decoding=\"async\" class=\"alignleft  wp-image-10921\" src=\"https:\/\/www.kulturkreis-wachtendonk.de\/cms\/wp-content\/uploads\/2023\/02\/Thaler_1948_4-scaled.jpg\" alt=\"\" width=\"113\" height=\"191\" srcset=\"https:\/\/www.kulturkreis-wachtendonk.de\/cms\/wp-content\/uploads\/2023\/02\/Thaler_1948_4-scaled.jpg 1516w, https:\/\/www.kulturkreis-wachtendonk.de\/cms\/wp-content\/uploads\/2023\/02\/Thaler_1948_4-178x300.jpg 178w, https:\/\/www.kulturkreis-wachtendonk.de\/cms\/wp-content\/uploads\/2023\/02\/Thaler_1948_4-606x1024.jpg 606w, https:\/\/www.kulturkreis-wachtendonk.de\/cms\/wp-content\/uploads\/2023\/02\/Thaler_1948_4-768x1297.jpg 768w, https:\/\/www.kulturkreis-wachtendonk.de\/cms\/wp-content\/uploads\/2023\/02\/Thaler_1948_4-910x1536.jpg 910w, https:\/\/www.kulturkreis-wachtendonk.de\/cms\/wp-content\/uploads\/2023\/02\/Thaler_1948_4-1213x2048.jpg 1213w\" sizes=\"(max-width: 113px) 100vw, 113px\" \/><\/strong><\/p>\n<p>&nbsp;<\/p>\n<p><strong>Tango-Argentino<\/strong><br \/>\n<strong>mit DJane Sabina Christina<\/strong><\/p>\n<p><strong>Freitag, 03.03.2023, 20 Uhr<\/strong><\/p>\n<p style=\"text-align: justify;\">Der Kulturkreis Wachtendonk l\u00e4dt wieder in die&nbsp; \u201eCasa Amarilla\u201c zum argentinischen Tango-Abend ein, auch \u201eMilonga\u201c genannt. Dieses unter Tangeros und Tangeras inzwischen sehr beliebte Tanz-Event steht diesmal neben dem klassischen Tango (50 %) auch im Zeichen des Neo \u2013 und Non-Tango (50 %). Musikalisch begleitet wird der Abend von DJane Sabina Christina.<\/p>\n<p style=\"text-align: justify;\">Der klassische Tango mit seinem Vierachtel-Takt, der im Jahre 2009 zum immateriellen Weltkulturerbe erkl\u00e4rt wurde, ist ein Tanz voller Energie und Emotionen, die teilweise auch melancholisch sind. Entstanden ist er urspr\u00fcnglich in Uruguay und Argentinien. Im Neo &#8211; Tango vermischen sich ab den 1990er Jahren die Wurzeln des Tango mit anderen Musikrichtungen.<\/p>\n<p style=\"text-align: justify;\">Sabina Christina entdeckte schon vor mehr als 15 Jahren den Tango Argentino f\u00fcr sich, zun\u00e4chst als T\u00e4nzerin, sp\u00e4ter dann auch als DJane. Ihr Geschick f\u00fcr eine lebendige und stimmungsvolle Zusammenstellung der Musik mit dem Wechselspiel zwischen Tandas unterschiedlicher Gattungen, jeweils unterbrochen von Cortinas (kurzen Pausen), hat sie bereits vielfach unter Beweis gestellt. Dabei sind auch die musikalischen Eindr\u00fccke ihrer Aufenthalte in den unterschiedlichsten Sprach- und Kulturkreisen in ihre Musikwahl eingeflossen.<\/p>\n<p style=\"text-align: justify;\">Lassen Sie sich von dieser traditionsreichen, gef\u00fchlvollen und energiegeladenen Musik im Tanz verzaubern, wir freuen uns auf Sie.<\/p>\n<p><\/strong><strong>B\u00fcrgerhaus \u201cAltes Kloster\u201d&nbsp;<\/strong><\/p>\n","protected":false},"excerpt":{"rendered":"<p>&nbsp; Tango-Argentino mit DJane Sabina Christina Freitag, 03.03.2023, 20 Uhr Der Kulturkreis Wachtendonk l\u00e4dt wieder in die&nbsp; \u201eCasa Amarilla\u201c zum argentinischen Tango-Abend ein, auch \u201eMilonga\u201c genannt. Dieses unter Tangeros und Tangeras inzwischen sehr beliebte Tanz-Event steht diesmal neben dem klassischen Tango (50 %) auch im Zeichen des Neo \u2013 und Non-Tango (50 %). Musikalisch begleitet &#8230; <\/p>\n<p class=\"read-more-container\"><a title=\"Tango Argentino\" class=\"read-more button\" href=\"https:\/\/www.kulturkreis-wachtendonk.de\/cms\/tango-argentino-15\/#more-10920\" aria-label=\"Mehr Informationen \u00fcber Tango Argentino\">Weiterlesen &#8230;<\/a><\/p>\n","protected":false},"author":4,"featured_media":0,"comment_status":"closed","ping_status":"closed","sticky":false,"template":"","format":"standard","meta":{"footnotes":""},"categories":[16],"tags":[],"class_list":["post-10920","post","type-post","status-publish","format-standard","hentry","category-veranstaltungsarchiv"],"_links":{"self":[{"href":"https:\/\/www.kulturkreis-wachtendonk.de\/cms\/wp-json\/wp\/v2\/posts\/10920","targetHints":{"allow":["GET"]}}],"collection":[{"href":"https:\/\/www.kulturkreis-wachtendonk.de\/cms\/wp-json\/wp\/v2\/posts"}],"about":[{"href":"https:\/\/www.kulturkreis-wachtendonk.de\/cms\/wp-json\/wp\/v2\/types\/post"}],"author":[{"embeddable":true,"href":"https:\/\/www.kulturkreis-wachtendonk.de\/cms\/wp-json\/wp\/v2\/users\/4"}],"replies":[{"embeddable":true,"href":"https:\/\/www.kulturkreis-wachtendonk.de\/cms\/wp-json\/wp\/v2\/comments?post=10920"}],"version-history":[{"count":7,"href":"https:\/\/www.kulturkreis-wachtendonk.de\/cms\/wp-json\/wp\/v2\/posts\/10920\/revisions"}],"predecessor-version":[{"id":11523,"href":"https:\/\/www.kulturkreis-wachtendonk.de\/cms\/wp-json\/wp\/v2\/posts\/10920\/revisions\/11523"}],"wp:attachment":[{"href":"https:\/\/www.kulturkreis-wachtendonk.de\/cms\/wp-json\/wp\/v2\/media?parent=10920"}],"wp:term":[{"taxonomy":"category","embeddable":true,"href":"https:\/\/www.kulturkreis-wachtendonk.de\/cms\/wp-json\/wp\/v2\/categories?post=10920"},{"taxonomy":"post_tag","embeddable":true,"href":"https:\/\/www.kulturkreis-wachtendonk.de\/cms\/wp-json\/wp\/v2\/tags?post=10920"}],"curies":[{"name":"wp","href":"https:\/\/api.w.org\/{rel}","templated":true}]}}