{"id":10766,"date":"2023-03-07T16:19:41","date_gmt":"2023-03-07T15:19:41","guid":{"rendered":"https:\/\/www.kulturkreis-wachtendonk.de\/cms\/?p=10766"},"modified":"2023-06-05T10:07:01","modified_gmt":"2023-06-05T08:07:01","slug":"klassisches-konzert","status":"publish","type":"post","link":"https:\/\/www.kulturkreis-wachtendonk.de\/cms\/klassisches-konzert\/","title":{"rendered":"Klassisches Konzert"},"content":{"rendered":"<p><strong><img decoding=\"async\" class=\"alignleft  wp-image-10747\" src=\"https:\/\/www.kulturkreis-wachtendonk.de\/cms\/wp-content\/uploads\/2023\/01\/Streichquartett-neu-klein.jpg\" alt=\"\" width=\"203\" height=\"203\" srcset=\"https:\/\/www.kulturkreis-wachtendonk.de\/cms\/wp-content\/uploads\/2023\/01\/Streichquartett-neu-klein.jpg 1080w, https:\/\/www.kulturkreis-wachtendonk.de\/cms\/wp-content\/uploads\/2023\/01\/Streichquartett-neu-klein-300x300.jpg 300w, https:\/\/www.kulturkreis-wachtendonk.de\/cms\/wp-content\/uploads\/2023\/01\/Streichquartett-neu-klein-1024x1024.jpg 1024w, https:\/\/www.kulturkreis-wachtendonk.de\/cms\/wp-content\/uploads\/2023\/01\/Streichquartett-neu-klein-200x200.jpg 200w, https:\/\/www.kulturkreis-wachtendonk.de\/cms\/wp-content\/uploads\/2023\/01\/Streichquartett-neu-klein-768x768.jpg 768w\" sizes=\"(max-width: 203px) 100vw, 203px\" \/><\/strong><\/p>\n<p>&nbsp;<\/p>\n<p><strong>\u201eEin Streichquartett der Duisburger Philharmoniker\u201c<\/strong><\/p>\n<p><strong>Samstag, 13.5.2023, 20 Uhr<\/strong><\/p>\n<p style=\"text-align: justify;\">Im Mittelpunkt jeder Saison stehen f\u00fcr die K\u00fcnstler die zw\u00f6lf <a href=\"https:\/\/duisburger-philharmoniker.de\/konzerte\/01_philharmonischekonzerte\/\">Philharmonischen Konzerte<\/a>; dort werden zentrale Werke der sinfonischen Tradition vom Barock bis zur Moderne in Zusammenarbeit mit international renommierten Dirigentinnen erarbeitet.<\/p>\n<p style=\"text-align: justify;\">Die zweite Heimat der Duisburger Philharmoniker bildet traditionell der Orchestergraben des Theaters Duisburg. Die erfolgreiche Theaterehe mit dem D\u00fcsseldorfer Opernhaus als \u201eDeutsche Oper am Rhein\u201c konnte auch durch das leiden\u00adschaftliche Engagement der Duisburger Philharmoniker erneut gesichert werden \u2013 daf\u00fcr wurden sie 2013 mit dem&nbsp;<a href=\"https:\/\/duisburger-philharmoniker.de\/duisburger-philharmoniker\/musikpreis-der-stadt-duisburg\/\">Musikpreis der Stadt Duisburg<\/a>&nbsp;ausgezeichnet.<\/p>\n<p style=\"text-align: justify;\">\u00dcber spannende Crossover-Projekte, Open-Air-Konzerte und das Education-Programm <a href=\"https:\/\/duisburger-philharmoniker.de\/junges-publikum\/klasse-klassik\/\">\u201eklasse.klassik\u201c<\/a>&nbsp;haben die Duisburger Philharmoniker in den vergangenen Jahren neue H\u00f6rer\u00adschichten erschlossen. Nachhaltig erfolgreich ist die Reihe \u201eHerzmusik\u201c, die Menschen mit Demenz und ihren Angeh\u00f6rigen eine Teilhabe am kulturellen Leben erm\u00f6glicht. Auch jenseits der Philharmonie Mercatorhalle und des Theaters Duisburg erkunden die Duisburger Philharmoniker immer wieder neue Spielorte, an denen Menschen und Musik auf besondere Weise zusammenfinden&nbsp;\u2013 Museums\u00adbauten und ehemalige Industrier\u00e4ume, aber auch urbane Frei\u00adfl\u00e4chen und Naherholungsgebiete.<\/p>\n<p><strong>B\u00fcrgerhaus \u201eAltes Kloster\u201c Wachtendonk<\/strong><\/p>\n","protected":false},"excerpt":{"rendered":"<p>&nbsp; \u201eEin Streichquartett der Duisburger Philharmoniker\u201c Samstag, 13.5.2023, 20 Uhr Im Mittelpunkt jeder Saison stehen f\u00fcr die K\u00fcnstler die zw\u00f6lf Philharmonischen Konzerte; dort werden zentrale Werke der sinfonischen Tradition vom Barock bis zur Moderne in Zusammenarbeit mit international renommierten Dirigentinnen erarbeitet. Die zweite Heimat der Duisburger Philharmoniker bildet traditionell der Orchestergraben des Theaters Duisburg. Die &#8230; <\/p>\n<p class=\"read-more-container\"><a title=\"Klassisches Konzert\" class=\"read-more button\" href=\"https:\/\/www.kulturkreis-wachtendonk.de\/cms\/klassisches-konzert\/#more-10766\" aria-label=\"Mehr Informationen \u00fcber Klassisches Konzert\">Weiterlesen &#8230;<\/a><\/p>\n","protected":false},"author":4,"featured_media":0,"comment_status":"closed","ping_status":"closed","sticky":false,"template":"","format":"standard","meta":{"footnotes":""},"categories":[16],"tags":[],"class_list":["post-10766","post","type-post","status-publish","format-standard","hentry","category-veranstaltungsarchiv"],"_links":{"self":[{"href":"https:\/\/www.kulturkreis-wachtendonk.de\/cms\/wp-json\/wp\/v2\/posts\/10766","targetHints":{"allow":["GET"]}}],"collection":[{"href":"https:\/\/www.kulturkreis-wachtendonk.de\/cms\/wp-json\/wp\/v2\/posts"}],"about":[{"href":"https:\/\/www.kulturkreis-wachtendonk.de\/cms\/wp-json\/wp\/v2\/types\/post"}],"author":[{"embeddable":true,"href":"https:\/\/www.kulturkreis-wachtendonk.de\/cms\/wp-json\/wp\/v2\/users\/4"}],"replies":[{"embeddable":true,"href":"https:\/\/www.kulturkreis-wachtendonk.de\/cms\/wp-json\/wp\/v2\/comments?post=10766"}],"version-history":[{"count":5,"href":"https:\/\/www.kulturkreis-wachtendonk.de\/cms\/wp-json\/wp\/v2\/posts\/10766\/revisions"}],"predecessor-version":[{"id":11526,"href":"https:\/\/www.kulturkreis-wachtendonk.de\/cms\/wp-json\/wp\/v2\/posts\/10766\/revisions\/11526"}],"wp:attachment":[{"href":"https:\/\/www.kulturkreis-wachtendonk.de\/cms\/wp-json\/wp\/v2\/media?parent=10766"}],"wp:term":[{"taxonomy":"category","embeddable":true,"href":"https:\/\/www.kulturkreis-wachtendonk.de\/cms\/wp-json\/wp\/v2\/categories?post=10766"},{"taxonomy":"post_tag","embeddable":true,"href":"https:\/\/www.kulturkreis-wachtendonk.de\/cms\/wp-json\/wp\/v2\/tags?post=10766"}],"curies":[{"name":"wp","href":"https:\/\/api.w.org\/{rel}","templated":true}]}}