{"id":10724,"date":"2023-07-24T10:00:22","date_gmt":"2023-07-24T08:00:22","guid":{"rendered":"https:\/\/www.kulturkreis-wachtendonk.de\/cms\/?p=10724"},"modified":"2023-07-24T11:18:48","modified_gmt":"2023-07-24T09:18:48","slug":"folk-auf-dem-friedensplatz","status":"publish","type":"post","link":"https:\/\/www.kulturkreis-wachtendonk.de\/cms\/folk-auf-dem-friedensplatz\/","title":{"rendered":"Folk auf dem Friedensplatz"},"content":{"rendered":"<p style=\"text-align: justify;\"><strong><img decoding=\"async\" class=\"alignleft size-full wp-image-9245\" src=\"https:\/\/www.kulturkreis-wachtendonk.de\/cms\/wp-content\/uploads\/2021\/03\/Logo-KK-75dpi.jpg\" alt=\"\" width=\"128\" height=\"210\"><\/strong><\/p>\n<p style=\"text-align: justify;\">&nbsp;<\/p>\n<p style=\"text-align: justify;\"><strong>Folk&nbsp; auf dem Friedensplatz<\/strong><\/p>\n<p style=\"text-align: justify;\"><strong>Sonntag 23.7.2023,&nbsp; 12 Uhr \u2013 17 Uhr<\/strong><\/p>\n<p><strong>1. Duo Beaumont&nbsp;&nbsp;&nbsp;&nbsp;&nbsp;&nbsp;&nbsp;&nbsp;&nbsp;&nbsp;&nbsp;&nbsp;&nbsp;&nbsp;&nbsp;&nbsp;&nbsp; 12 Uhr \u2013 13 Uhr<\/strong><br \/>\n<strong>2. Sackville Street&nbsp;&nbsp;&nbsp;&nbsp;&nbsp;&nbsp;&nbsp;&nbsp;&nbsp;&nbsp;&nbsp;&nbsp;&nbsp;&nbsp;&nbsp;&nbsp; 13 Uhr \u2013 14 Uhr<\/strong><br \/>\n<strong>3. Celtic Sense&nbsp;&nbsp;&nbsp;&nbsp;&nbsp;&nbsp;&nbsp;&nbsp;&nbsp;&nbsp;&nbsp;&nbsp;&nbsp;&nbsp;&nbsp;&nbsp;&nbsp;&nbsp;&nbsp;&nbsp;&nbsp; 14 Uhr \u2013 15 Uhr<\/strong><br \/>\n<strong>4. Ferry 2 Kerry&nbsp;&nbsp;&nbsp;&nbsp;&nbsp;&nbsp;&nbsp;&nbsp;&nbsp;&nbsp;&nbsp;&nbsp;&nbsp;&nbsp;&nbsp;&nbsp;&nbsp;&nbsp; &nbsp; 15 Uhr \u2013 16 Uhr<\/strong><br \/>\n<strong>5. Palm Bay Frost&nbsp;&nbsp;&nbsp;&nbsp;&nbsp;&nbsp;&nbsp;&nbsp;&nbsp;&nbsp;&nbsp;&nbsp;&nbsp;&nbsp;&nbsp;&nbsp; 16 Uhr \u2013 17 Uhr<\/strong><\/p>\n<p style=\"text-align: justify;\"><strong>&nbsp;<\/strong><\/p>\n<p style=\"text-align: justify;\">In Wachtendonk gibt es eine \u00e4u\u00dferst aktive Folk-Szene, die sich in der Altdeutschen Gastst\u00e4tte B\u00fcskens zu gemeinsamen Sessions trifft und im Sommer auf der Weinstra\u00dfe f\u00fcr Unterhaltung sorgt. Hieran ankn\u00fcpfend fand im letzten Jahr erstmalig ein gro\u00dfes Folk-Event auf dem Friedensplatz statt, was bei unseren G\u00e4sten so gut ankam, dass es auch f\u00fcr 2023 erneut ins Programm aufgenommen wurde.<\/p>\n<p style=\"text-align: justify;\">Auf gro\u00dfer B\u00fchne auf dem Friedensplatz werden nacheinander wieder mehrere K\u00fcnstler und Bands auftreten, die im Folk musikalisch \u201eihre Heimat haben\u201c. Bei hoffentlich gutem Wetter sollte jeder die Picknickdecke und Sonnenschutz einpacken, um in lockerer Atmosph\u00e4re ein paar fr\u00f6hliche Stunden zu genie\u00dfen. Hier Details zu den auftretenden&nbsp; K\u00fcnstlern:<\/p>\n<p><strong>Duo Beaumont (12 Uhr \u2013 13 Uhr)<\/strong><\/p>\n<p><img decoding=\"async\" class=\"alignleft  wp-image-11360\" src=\"https:\/\/www.kulturkreis-wachtendonk.de\/cms\/wp-content\/uploads\/2022\/01\/Duo-Beaumont1.jpg\" alt=\"\" width=\"212\" height=\"192\" srcset=\"https:\/\/www.kulturkreis-wachtendonk.de\/cms\/wp-content\/uploads\/2022\/01\/Duo-Beaumont1.jpg 1223w, https:\/\/www.kulturkreis-wachtendonk.de\/cms\/wp-content\/uploads\/2022\/01\/Duo-Beaumont1-300x273.jpg 300w, https:\/\/www.kulturkreis-wachtendonk.de\/cms\/wp-content\/uploads\/2022\/01\/Duo-Beaumont1-1024x930.jpg 1024w, https:\/\/www.kulturkreis-wachtendonk.de\/cms\/wp-content\/uploads\/2022\/01\/Duo-Beaumont1-768x698.jpg 768w\" sizes=\"(max-width: 212px) 100vw, 212px\" \/><\/p>\n<p style=\"text-align: justify;\">In einem Bistro mit Blick auf den Eiffelturm sitzen, Baguette, K\u00e4se und Wein genie\u00dfen und im Hintergrund spielt ein Akkordeon einen Walzer\u2026<br \/>\nStellt man sich so das \u201eLeben wie Gott in Frankreich\u201c vor?<\/p>\n<p style=\"text-align: justify;\">Mit ihrem Programm aus traditionellen, franz\u00f6sischen Tanzmelodien, Chansons und swingigen Musettewalzern entf\u00fchrt das Duo Beaumont seine Zuh\u00f6rer in die Stra\u00dfen von Paris, die provenzalischen Lavendelfelder oder an die Klippen der Bretagne.<\/p>\n<p style=\"text-align: justify;\">Duo Beaumont, das sind: Pierre Baumann: Gesang, Akkord\u00e9on diatonique, Gitarre, sowie Beate Wille: Gesang, Gitarre.<\/p>\n<p>&nbsp;<\/p>\n<p style=\"text-align: justify;\"><strong>Sackville Street (13 Uhr \u2013 14 Uhr)<\/strong><\/p>\n<p style=\"text-align: justify;\"><img fetchpriority=\"high\" decoding=\"async\" class=\"alignleft  wp-image-11361\" src=\"https:\/\/www.kulturkreis-wachtendonk.de\/cms\/wp-content\/uploads\/2022\/01\/Sackville-Street-2-scaled.jpg\" alt=\"\" width=\"213\" height=\"287\" srcset=\"https:\/\/www.kulturkreis-wachtendonk.de\/cms\/wp-content\/uploads\/2022\/01\/Sackville-Street-2-scaled.jpg 1896w, https:\/\/www.kulturkreis-wachtendonk.de\/cms\/wp-content\/uploads\/2022\/01\/Sackville-Street-2-222x300.jpg 222w, https:\/\/www.kulturkreis-wachtendonk.de\/cms\/wp-content\/uploads\/2022\/01\/Sackville-Street-2-758x1024.jpg 758w, https:\/\/www.kulturkreis-wachtendonk.de\/cms\/wp-content\/uploads\/2022\/01\/Sackville-Street-2-768x1037.jpg 768w, https:\/\/www.kulturkreis-wachtendonk.de\/cms\/wp-content\/uploads\/2022\/01\/Sackville-Street-2-1138x1536.jpg 1138w, https:\/\/www.kulturkreis-wachtendonk.de\/cms\/wp-content\/uploads\/2022\/01\/Sackville-Street-2-1517x2048.jpg 1517w\" sizes=\"(max-width: 213px) 100vw, 213px\" \/><br \/>\nSeit 2006 bietet dieses Ruhrgebietstrio melancholische, irische und schottische Lieder dar \u2013 unverkopft und mit echter Leidenschaft!<\/p>\n<p style=\"text-align: justify;\">Was diese Gruppe von anderen unterscheidet, sind die klaren Arrangements, bei denen der zweistimmige Gesang von Nina Heinrich und Christian Donovan auf au\u00dfergew\u00f6hnliche Weise mit dem Harfenspiel von Luzinde Hahne harmoniert.<\/p>\n<p style=\"text-align: justify;\">Der Zuh\u00f6rer wird auf eine Reise \u00fcber gr\u00fcne Wiesen und raue Meere, durch die Highlands und in alte Zeiten entf\u00fchrt.<\/p>\n<p style=\"text-align: justify;\">Die dargebotenen Lieder umfassen das gesamte Spektrum des irischen Liedes: Rebel Songs, schicksalhafte Auswanderungsballaden, Lieder von unerf\u00fcllter Liebe, Sehnsucht und Leidenschaft.<\/p>\n<p>&nbsp;<\/p>\n<p>&nbsp;<\/p>\n<p style=\"text-align: justify;\"><strong>Celtic Sense (14 Uhr \u2013 15 Uhr)<\/strong><\/p>\n<p><img loading=\"lazy\" decoding=\"async\" class=\"alignleft wp-image-11396\" src=\"https:\/\/www.kulturkreis-wachtendonk.de\/cms\/wp-content\/uploads\/2022\/01\/Celtic-Sense-2.jpeg\" alt=\"\" width=\"306\" height=\"172\" srcset=\"https:\/\/www.kulturkreis-wachtendonk.de\/cms\/wp-content\/uploads\/2022\/01\/Celtic-Sense-2.jpeg 768w, https:\/\/www.kulturkreis-wachtendonk.de\/cms\/wp-content\/uploads\/2022\/01\/Celtic-Sense-2-300x169.jpeg 300w\" sizes=\"(max-width: 306px) 100vw, 306px\" \/><\/p>\n<p style=\"text-align: justify;\">Celtic Sense spielen eine Auswahl irischer, schottischer und nordamerikanischer Balladen und Instrumentals. Gestern wie heute sind es zeitlose Themen, wie Liebesgl\u00fcck und Liebesleid, Eifersucht, Sorgen, Hunger und Auswanderung, eben alles, was das Leben so mit sich bringt.<\/p>\n<p style=\"text-align: justify;\">Die Musiker interpretieren dieses Liedgut sowie auch traditionelle Instrumentals mit \u201eCeltic Sense\u201c, d.h. mit Gesp\u00fcr f\u00fcr ihre innewohnende anr\u00fchrende Mischung aus Melancholie und Lebensfreude in ihrer ganz eigenen Weise und \u00fcbersetzen diese in die Gegenwart. Die Konzerte mit ihren gesungenen Geschichten laden zum Tr\u00e4umen ein, sind anr\u00fchrend und lassen erschauern, um sodann wieder durch unb\u00e4ndige Spielfreude zum Stampfen und Klatschen anzuregen.&nbsp;<\/p>\n<p style=\"text-align: justify;\">Celtic Sense &#8211; das ist mehrstimmiger Gesang, begleitet von irischer Bouzouki bzw. Gitarre, sowie mit Fiddle gespielte Instrumentalst\u00fccke, immer unterst\u00fctzt von Kontrabass und Cajon.<\/p>\n<p style=\"text-align: justify;\">Barbara Batanovics &#8211; Gesang, Kontrabass<br \/>\nAngelika Belz &#8211; Uilleann Pipes, Whistles, Mandola<br \/>\nIrmi Lux &#8211; Gesang<br \/>\nStefan Igelmann &#8211; Gesang, Fiddle, irische Bouzouki, Gitarre<br \/>\nKlaus Timpert &#8211; Cajon, Bodhran, Mundharmonika, Backgroundgesang<\/p>\n<p>&nbsp;<\/p>\n<p style=\"text-align: justify;\"><strong>Ferry 2 Kerry (15 Uhr \u2013 16 Uhr)<\/strong><\/p>\n<p style=\"text-align: justify;\"><img loading=\"lazy\" decoding=\"async\" class=\"alignleft  wp-image-11363\" src=\"https:\/\/www.kulturkreis-wachtendonk.de\/cms\/wp-content\/uploads\/2022\/01\/Ferry2Kerry-2-scaled.jpg\" alt=\"\" width=\"317\" height=\"178\" srcset=\"https:\/\/www.kulturkreis-wachtendonk.de\/cms\/wp-content\/uploads\/2022\/01\/Ferry2Kerry-2-scaled.jpg 2560w, https:\/\/www.kulturkreis-wachtendonk.de\/cms\/wp-content\/uploads\/2022\/01\/Ferry2Kerry-2-300x169.jpg 300w, https:\/\/www.kulturkreis-wachtendonk.de\/cms\/wp-content\/uploads\/2022\/01\/Ferry2Kerry-2-1024x576.jpg 1024w, https:\/\/www.kulturkreis-wachtendonk.de\/cms\/wp-content\/uploads\/2022\/01\/Ferry2Kerry-2-768x432.jpg 768w, https:\/\/www.kulturkreis-wachtendonk.de\/cms\/wp-content\/uploads\/2022\/01\/Ferry2Kerry-2-1536x864.jpg 1536w, https:\/\/www.kulturkreis-wachtendonk.de\/cms\/wp-content\/uploads\/2022\/01\/Ferry2Kerry-2-2048x1151.jpg 2048w\" sizes=\"(max-width: 317px) 100vw, 317px\" \/><\/p>\n<p style=\"text-align: justify;\">Willkommen an Bord bei \u201eFerry 2 Kerry\u201c zur \u00dcberfahrt in die Musik Irlands, Schottlands und der Bretagne!<\/p>\n<p style=\"text-align: justify;\">Mitrei\u00dfende Jigs und Reels, anr\u00fchrende Balladen, z\u00fcnftige Sauf- und Rauflieder, packende Songs aus allen irischen Lebenslagen. Helga Supplieth, Ottmar Nagel, Peter Supplieth und Henning Wilms spielen dabei genau die Instrumente, die Sie bei einem Irishfolk-Konzert erwarten: Tin Whistle, Mandoline, irisches Akkordeon (auch \u201eBox\u201c genannt), Gitarre, Bodhran, irische Bouzouki und Dudelsack \u2013 erg\u00e4nzt durch Drehleier und Bombarde aus dem bretonischen Instrumentarium.<\/p>\n<p>So entsteht jene lebensfrohe Mischung aus verschiedenen Stilen und Instrumenten, die bisher noch jeden begeistert hat.<\/p>\n<p>&nbsp;<\/p>\n<p style=\"text-align: justify;\"><strong>Palm Bay Frost (16 Uhr \u2013 17 Uhr)<\/strong><\/p>\n<p><img loading=\"lazy\" decoding=\"async\" class=\"alignleft  wp-image-11364\" src=\"https:\/\/www.kulturkreis-wachtendonk.de\/cms\/wp-content\/uploads\/2022\/01\/Palm-Bay-Frost.jpg\" alt=\"\" width=\"235\" height=\"199\" srcset=\"https:\/\/www.kulturkreis-wachtendonk.de\/cms\/wp-content\/uploads\/2022\/01\/Palm-Bay-Frost.jpg 400w, https:\/\/www.kulturkreis-wachtendonk.de\/cms\/wp-content\/uploads\/2022\/01\/Palm-Bay-Frost-300x254.jpg 300w\" sizes=\"(max-width: 235px) 100vw, 235px\" \/><\/p>\n<p style=\"text-align: justify;\">In der K\u00f6lner Musikszene liefen sich die drei Profis Sabrina Palm, Simon Bay und Hartmut Frost \u00fcber den Weg. Seit 2021 entwickeln sie gemeinsam eine reichhaltige musikalische Architektur, die fest in den Musiktraditionen Irlands, Schottlands, Amerikas und auch Zentraleuropas verwurzelt ist.<br \/>\nDie Bonnerin Sabrina Palm ist eine renommierte Fiddlespielerin und etablierte Gr\u00f6\u00dfe der Irish- \/ Scottish-Music-Szene. Mit ihrer mitrei\u00dfenden Art und druckvollen Bogenf\u00fchrung begeistert sie jedes Publikum. Das Akkordeon zieht sich durch die Familiengeschichte von Simon Bay. 2008 f\u00fchrt ihn die K\u00f6lsche Musik zur \u201eQuetsch\u201c und es dauert nicht lange, bis ihn auch die Stilrichtung des Irish Trad und der skandinavischen Folklore begeistert. Dritter im Bunde ist Hartmut Frost, der sich in jungen Jahren in die Gitarre und den Blues verliebte. Als erstklassiger Songwriter steuert er wunderbare Lieder zum Repertoire des Trios bei.<\/p>\n<p style=\"text-align: justify;\">Auf geheimnisvolle Weise f\u00fcgt das Trio seine Instrumente zu einer aufregenden Klangwelt zusammen, facettenreich und auf technisch herausragendem Niveau. Zwischen den drei Musikprofis entsteht schon vor dem ersten Ton eine ganz besondere Energie, die sich sofort auf das Publikum \u00fcbertr\u00e4gt und ein unvergessliches Konzerterlebnis verspricht!<\/p>\n<p><strong>Friedensplatz, Wachtendonk<\/strong><\/p>\n","protected":false},"excerpt":{"rendered":"<p>&nbsp; Folk&nbsp; auf dem Friedensplatz Sonntag 23.7.2023,&nbsp; 12 Uhr \u2013 17 Uhr 1. Duo Beaumont&nbsp;&nbsp;&nbsp;&nbsp;&nbsp;&nbsp;&nbsp;&nbsp;&nbsp;&nbsp;&nbsp;&nbsp;&nbsp;&nbsp;&nbsp;&nbsp;&nbsp; 12 Uhr \u2013 13 Uhr 2. Sackville Street&nbsp;&nbsp;&nbsp;&nbsp;&nbsp;&nbsp;&nbsp;&nbsp;&nbsp;&nbsp;&nbsp;&nbsp;&nbsp;&nbsp;&nbsp;&nbsp; 13 Uhr \u2013 14 Uhr 3. Celtic Sense&nbsp;&nbsp;&nbsp;&nbsp;&nbsp;&nbsp;&nbsp;&nbsp;&nbsp;&nbsp;&nbsp;&nbsp;&nbsp;&nbsp;&nbsp;&nbsp;&nbsp;&nbsp;&nbsp;&nbsp;&nbsp; 14 Uhr \u2013 15 Uhr 4. Ferry 2 Kerry&nbsp;&nbsp;&nbsp;&nbsp;&nbsp;&nbsp;&nbsp;&nbsp;&nbsp;&nbsp;&nbsp;&nbsp;&nbsp;&nbsp;&nbsp;&nbsp;&nbsp;&nbsp; &nbsp; 15 Uhr \u2013 16 Uhr 5. Palm Bay Frost&nbsp;&nbsp;&nbsp;&nbsp;&nbsp;&nbsp;&nbsp;&nbsp;&nbsp;&nbsp;&nbsp;&nbsp;&nbsp;&nbsp;&nbsp;&nbsp; 16 Uhr \u2013 17 Uhr &#8230; <\/p>\n<p class=\"read-more-container\"><a title=\"Folk auf dem Friedensplatz\" class=\"read-more button\" href=\"https:\/\/www.kulturkreis-wachtendonk.de\/cms\/folk-auf-dem-friedensplatz\/#more-10724\" aria-label=\"Mehr Informationen \u00fcber Folk auf dem Friedensplatz\">Weiterlesen &#8230;<\/a><\/p>\n","protected":false},"author":4,"featured_media":0,"comment_status":"closed","ping_status":"closed","sticky":false,"template":"","format":"standard","meta":{"footnotes":""},"categories":[16],"tags":[],"class_list":["post-10724","post","type-post","status-publish","format-standard","hentry","category-veranstaltungsarchiv"],"_links":{"self":[{"href":"https:\/\/www.kulturkreis-wachtendonk.de\/cms\/wp-json\/wp\/v2\/posts\/10724","targetHints":{"allow":["GET"]}}],"collection":[{"href":"https:\/\/www.kulturkreis-wachtendonk.de\/cms\/wp-json\/wp\/v2\/posts"}],"about":[{"href":"https:\/\/www.kulturkreis-wachtendonk.de\/cms\/wp-json\/wp\/v2\/types\/post"}],"author":[{"embeddable":true,"href":"https:\/\/www.kulturkreis-wachtendonk.de\/cms\/wp-json\/wp\/v2\/users\/4"}],"replies":[{"embeddable":true,"href":"https:\/\/www.kulturkreis-wachtendonk.de\/cms\/wp-json\/wp\/v2\/comments?post=10724"}],"version-history":[{"count":8,"href":"https:\/\/www.kulturkreis-wachtendonk.de\/cms\/wp-json\/wp\/v2\/posts\/10724\/revisions"}],"predecessor-version":[{"id":11590,"href":"https:\/\/www.kulturkreis-wachtendonk.de\/cms\/wp-json\/wp\/v2\/posts\/10724\/revisions\/11590"}],"wp:attachment":[{"href":"https:\/\/www.kulturkreis-wachtendonk.de\/cms\/wp-json\/wp\/v2\/media?parent=10724"}],"wp:term":[{"taxonomy":"category","embeddable":true,"href":"https:\/\/www.kulturkreis-wachtendonk.de\/cms\/wp-json\/wp\/v2\/categories?post=10724"},{"taxonomy":"post_tag","embeddable":true,"href":"https:\/\/www.kulturkreis-wachtendonk.de\/cms\/wp-json\/wp\/v2\/tags?post=10724"}],"curies":[{"name":"wp","href":"https:\/\/api.w.org\/{rel}","templated":true}]}}