{"id":10663,"date":"2023-10-30T10:00:47","date_gmt":"2023-10-30T09:00:47","guid":{"rendered":"https:\/\/www.kulturkreis-wachtendonk.de\/cms\/?p=10663"},"modified":"2023-10-30T13:56:51","modified_gmt":"2023-10-30T12:56:51","slug":"kabarett-13","status":"publish","type":"post","link":"https:\/\/www.kulturkreis-wachtendonk.de\/cms\/kabarett-13\/","title":{"rendered":"Kabarett"},"content":{"rendered":"<figure id=\"attachment_10664\" aria-describedby=\"caption-attachment-10664\" style=\"width: 170px\" class=\"wp-caption alignleft\"><img decoding=\"async\" class=\"wp-image-10664 \" src=\"https:\/\/www.kulturkreis-wachtendonk.de\/cms\/wp-content\/uploads\/2022\/12\/3-Stefan-Verhasselt-Bildhinweis-ricks-photo-scaled.jpg\" alt=\"\" width=\"180\" height=\"259\" srcset=\"https:\/\/www.kulturkreis-wachtendonk.de\/cms\/wp-content\/uploads\/2022\/12\/3-Stefan-Verhasselt-Bildhinweis-ricks-photo-scaled.jpg 1777w, https:\/\/www.kulturkreis-wachtendonk.de\/cms\/wp-content\/uploads\/2022\/12\/3-Stefan-Verhasselt-Bildhinweis-ricks-photo-208x300.jpg 208w, https:\/\/www.kulturkreis-wachtendonk.de\/cms\/wp-content\/uploads\/2022\/12\/3-Stefan-Verhasselt-Bildhinweis-ricks-photo-711x1024.jpg 711w, https:\/\/www.kulturkreis-wachtendonk.de\/cms\/wp-content\/uploads\/2022\/12\/3-Stefan-Verhasselt-Bildhinweis-ricks-photo-768x1107.jpg 768w, https:\/\/www.kulturkreis-wachtendonk.de\/cms\/wp-content\/uploads\/2022\/12\/3-Stefan-Verhasselt-Bildhinweis-ricks-photo-1066x1536.jpg 1066w, https:\/\/www.kulturkreis-wachtendonk.de\/cms\/wp-content\/uploads\/2022\/12\/3-Stefan-Verhasselt-Bildhinweis-ricks-photo-1421x2048.jpg 1421w\" sizes=\"(max-width: 180px) 100vw, 180px\" \/><figcaption id=\"caption-attachment-10664\" class=\"wp-caption-text\">Stefan Verhasselt<br \/>\nBild: ricks-photo-scaled.jpg<\/figcaption><\/figure>\n<p>&nbsp;<\/p>\n<p><strong>Stefan Verhasselt&nbsp;<\/strong><\/p>\n<p><strong>KABARETT 5.0 \u2013&nbsp; ZWISCHEN DEN ZEILEN\u201c<\/strong><\/p>\n<p><strong>Freitag, 27.10.2023, 20 Uhr<\/strong><\/p>\n<p style=\"text-align: justify;\">Mit feinsinnigem und stellenweise richtig schr\u00e4gem Humor \u201ephilosophiert\u201c sich Stefan Verhasselt mit viel Wortwitz durch die Eigenarten und Absurdit\u00e4ten unserer Gesellschaft. Und das immer oberhalb der G\u00fcrtellinie, mit Empathie f\u00fcr seine Mitmenschen. Auf dass die Zuschauer nachher feststellen: \u201eGenau so is et \u2013 wie bei uns zuhaus.\u201c<\/p>\n<p style=\"text-align: justify;\">Es geht um \u201eEin-Wort-Men\u00fcs-to-go\u201c und ganz neue Platzierungen in Restaurants. Stefan Verhasselt erl\u00e4utert, dass es \u201ePre-Bio\u201c schon in den Siebzigern im Garten seiner niederrheinischen Tanten gab und \u201eSun Chairs\u201c wohl doch keine schicken Sonnenst\u00fchle sind. Man erf\u00e4hrt au\u00dferdem mehr zum Thema \u201eWaldbaden\u201c und dass Gendern scheinbar klangliche \u201eVerwandte\u201c am Niederrhein hat.<\/p>\n<p style=\"text-align: justify;\">Seinen neuesten Entdeckungen aus unserer immer verr\u00fcckter werdenden Welt hat er den Titel gegeben: \u201eKabarett 5.0 \u2013 Zwischen den Zeilen\u201c. In dem Soloprogramm ganz ohne Musik und Kost\u00fcm z\u00e4hlt das Wort, das von uns oft zwischen den Zeilen ausgesprochen und durch feinsinnige Beobachtungsgabe und komische \u00dcberh\u00f6hung aus seiner Nebens\u00e4chlichkeit herausgeholt wird.<\/p>\n<p style=\"text-align: justify;\">Viele kennen den Kabarettisten auch als Moderator von WDR4. Seit 2020 moderiert er n\u00e4mlich die WDR4-Vormittagssendung \u201eHier und Heute\u201c.<\/p>\n<p><strong>B\u00fcrgerhaus \u201eAltes Kloster\u201c Wachtendonk<\/strong><\/p>\n","protected":false},"excerpt":{"rendered":"<p>&nbsp; Stefan Verhasselt&nbsp; KABARETT 5.0 \u2013&nbsp; ZWISCHEN DEN ZEILEN\u201c Freitag, 27.10.2023, 20 Uhr Mit feinsinnigem und stellenweise richtig schr\u00e4gem Humor \u201ephilosophiert\u201c sich Stefan Verhasselt mit viel Wortwitz durch die Eigenarten und Absurdit\u00e4ten unserer Gesellschaft. Und das immer oberhalb der G\u00fcrtellinie, mit Empathie f\u00fcr seine Mitmenschen. Auf dass die Zuschauer nachher feststellen: \u201eGenau so is et &#8230; <\/p>\n<p class=\"read-more-container\"><a title=\"Kabarett\" class=\"read-more button\" href=\"https:\/\/www.kulturkreis-wachtendonk.de\/cms\/kabarett-13\/#more-10663\" aria-label=\"Mehr Informationen \u00fcber Kabarett\">Weiterlesen &#8230;<\/a><\/p>\n","protected":false},"author":4,"featured_media":0,"comment_status":"closed","ping_status":"closed","sticky":false,"template":"","format":"standard","meta":{"footnotes":""},"categories":[16],"tags":[],"class_list":["post-10663","post","type-post","status-publish","format-standard","hentry","category-veranstaltungsarchiv"],"_links":{"self":[{"href":"https:\/\/www.kulturkreis-wachtendonk.de\/cms\/wp-json\/wp\/v2\/posts\/10663","targetHints":{"allow":["GET"]}}],"collection":[{"href":"https:\/\/www.kulturkreis-wachtendonk.de\/cms\/wp-json\/wp\/v2\/posts"}],"about":[{"href":"https:\/\/www.kulturkreis-wachtendonk.de\/cms\/wp-json\/wp\/v2\/types\/post"}],"author":[{"embeddable":true,"href":"https:\/\/www.kulturkreis-wachtendonk.de\/cms\/wp-json\/wp\/v2\/users\/4"}],"replies":[{"embeddable":true,"href":"https:\/\/www.kulturkreis-wachtendonk.de\/cms\/wp-json\/wp\/v2\/comments?post=10663"}],"version-history":[{"count":8,"href":"https:\/\/www.kulturkreis-wachtendonk.de\/cms\/wp-json\/wp\/v2\/posts\/10663\/revisions"}],"predecessor-version":[{"id":11918,"href":"https:\/\/www.kulturkreis-wachtendonk.de\/cms\/wp-json\/wp\/v2\/posts\/10663\/revisions\/11918"}],"wp:attachment":[{"href":"https:\/\/www.kulturkreis-wachtendonk.de\/cms\/wp-json\/wp\/v2\/media?parent=10663"}],"wp:term":[{"taxonomy":"category","embeddable":true,"href":"https:\/\/www.kulturkreis-wachtendonk.de\/cms\/wp-json\/wp\/v2\/categories?post=10663"},{"taxonomy":"post_tag","embeddable":true,"href":"https:\/\/www.kulturkreis-wachtendonk.de\/cms\/wp-json\/wp\/v2\/tags?post=10663"}],"curies":[{"name":"wp","href":"https:\/\/api.w.org\/{rel}","templated":true}]}}