{"id":10574,"date":"2023-01-05T08:00:21","date_gmt":"2023-01-05T07:00:21","guid":{"rendered":"https:\/\/www.kulturkreis-wachtendonk.de\/cms\/?p=10574"},"modified":"2023-05-26T14:21:23","modified_gmt":"2023-05-26T12:21:23","slug":"orgelkonzert-am-neujahrstag-4","status":"publish","type":"post","link":"https:\/\/www.kulturkreis-wachtendonk.de\/cms\/orgelkonzert-am-neujahrstag-4\/","title":{"rendered":"Orgelkonzert am Neujahrstag"},"content":{"rendered":"<p><img decoding=\"async\" class=\"size-thumbnail wp-image-10570 alignleft\" src=\"https:\/\/www.kulturkreis-wachtendonk.de\/cms\/wp-content\/uploads\/2022\/11\/Retzmann-200x200.jpg\" alt=\"\" width=\"200\" height=\"200\"><\/p>\n<p><strong>Neujahrs-Konzert in \u201eSt. Michael\u201c<\/strong><\/p>\n<p><strong>Dr. Hans Peter Retzmann -Orgel-&nbsp;<\/strong><\/p>\n<p><strong>Sonntag, 1.1.2023, 17 Uhr<\/strong><\/p>\n<p style=\"text-align: justify;\">Hans-Peter Retzmanns musikalische Ausbildung umfasst das Studium im Fach Klavier (Musikhochschule K\u00f6ln) und der Kirchenmusik in Aachen und D\u00fcsseldorf (Robert Schumann Hochschule), wo er mit dem Kantorenexamen (A-Examen) abschloss.<\/p>\n<p style=\"text-align: justify;\">Er f\u00fchrte seine Studien weiter in Theologie (W\u00fcrzburg) und im Fach Orgel an der Schola Cantorum in Paris bei Jean Paul Imbert (Dipl\u00f4me de Virtuosit\u00e9) sowie in Improvisation und Komposition bei Naji Hakim an la Trinit\u00e9 in Paris.<\/p>\n<p style=\"text-align: justify;\">Von 1992-1998 war er Kantor an St. Andreas in Korschenbroich, wo er die Internationale Orgelwoche betreute und Auff\u00fchrungen mit den D\u00fcsseldorfer Sinfonikern initiierte. Darauf folgend wechselte er als Kantor an St. Nikolaus in M\u00f6nchengladbach-Hardt und rief dort die Reihe \u201eHardter Konzerte\u201d ins Leben. In dieser Zeit arbeitete er zusammen mit Jane Parker Smith und Alan Wilson und weiteren internationalen K\u00fcnstlern bei Konzertreisen und CD-Produktionen. Dr. Retzmann hat selber Orgelwerke der Romantik und eigene Improvisationen eingespielt. Dar\u00fcber hinaus organisiert er Konzertreisen besonders f\u00fcr Ch\u00f6re aus England und Kanada.<\/p>\n<p style=\"text-align: justify;\">Seit 2006 war er wissenschaftlicher Assistent an der Robert Schumann Hochschule in D\u00fcsseldorf, wo er seine Dissertation \u00fcber Max Regers Musik\u00e4sthetik bei Prof. Dr. Dr. Volker Kalisch abschloss. Er ist als Dozent am Musikwissenschaftlichen Institut der Robert Schumann Hochschule in D\u00fcsseldorf t\u00e4tig.<\/p>\n<p style=\"text-align: justify;\">Bis 2022 war er Kantor im Pastoralverbund Delbr\u00fcck (Paderborn, OWL) und verantwortlich f\u00fcr alle liturgischen Aktivit\u00e4ten und internationalen Konzertreihen. Hans-Peter Retzmann gibt Konzerte als Organist und Improvisator und spielt in unterschiedlichen Ensemblebesetzungen in Deutschland sowie im Ausland. Er gibt Vorlesungen und Workshops zu theoretischen und praktischen Themenstellungen.<\/p>\n<p style=\"text-align: justify;\"><strong>St. Michael Kirche, Wachtendonk<\/strong><\/p>\n","protected":false},"excerpt":{"rendered":"<p>Neujahrs-Konzert in \u201eSt. Michael\u201c Dr. Hans Peter Retzmann -Orgel-&nbsp; Sonntag, 1.1.2023, 17 Uhr Hans-Peter Retzmanns musikalische Ausbildung umfasst das Studium im Fach Klavier (Musikhochschule K\u00f6ln) und der Kirchenmusik in Aachen und D\u00fcsseldorf (Robert Schumann Hochschule), wo er mit dem Kantorenexamen (A-Examen) abschloss. Er f\u00fchrte seine Studien weiter in Theologie (W\u00fcrzburg) und im Fach Orgel an &#8230; <\/p>\n<p class=\"read-more-container\"><a title=\"Orgelkonzert am Neujahrstag\" class=\"read-more button\" href=\"https:\/\/www.kulturkreis-wachtendonk.de\/cms\/orgelkonzert-am-neujahrstag-4\/#more-10574\" aria-label=\"Mehr Informationen \u00fcber Orgelkonzert am Neujahrstag\">Weiterlesen &#8230;<\/a><\/p>\n","protected":false},"author":4,"featured_media":0,"comment_status":"closed","ping_status":"closed","sticky":false,"template":"","format":"standard","meta":{"footnotes":""},"categories":[16],"tags":[],"class_list":["post-10574","post","type-post","status-publish","format-standard","hentry","category-veranstaltungsarchiv"],"_links":{"self":[{"href":"https:\/\/www.kulturkreis-wachtendonk.de\/cms\/wp-json\/wp\/v2\/posts\/10574","targetHints":{"allow":["GET"]}}],"collection":[{"href":"https:\/\/www.kulturkreis-wachtendonk.de\/cms\/wp-json\/wp\/v2\/posts"}],"about":[{"href":"https:\/\/www.kulturkreis-wachtendonk.de\/cms\/wp-json\/wp\/v2\/types\/post"}],"author":[{"embeddable":true,"href":"https:\/\/www.kulturkreis-wachtendonk.de\/cms\/wp-json\/wp\/v2\/users\/4"}],"replies":[{"embeddable":true,"href":"https:\/\/www.kulturkreis-wachtendonk.de\/cms\/wp-json\/wp\/v2\/comments?post=10574"}],"version-history":[{"count":7,"href":"https:\/\/www.kulturkreis-wachtendonk.de\/cms\/wp-json\/wp\/v2\/posts\/10574\/revisions"}],"predecessor-version":[{"id":11559,"href":"https:\/\/www.kulturkreis-wachtendonk.de\/cms\/wp-json\/wp\/v2\/posts\/10574\/revisions\/11559"}],"wp:attachment":[{"href":"https:\/\/www.kulturkreis-wachtendonk.de\/cms\/wp-json\/wp\/v2\/media?parent=10574"}],"wp:term":[{"taxonomy":"category","embeddable":true,"href":"https:\/\/www.kulturkreis-wachtendonk.de\/cms\/wp-json\/wp\/v2\/categories?post=10574"},{"taxonomy":"post_tag","embeddable":true,"href":"https:\/\/www.kulturkreis-wachtendonk.de\/cms\/wp-json\/wp\/v2\/tags?post=10574"}],"curies":[{"name":"wp","href":"https:\/\/api.w.org\/{rel}","templated":true}]}}