{"id":10500,"date":"2022-09-07T13:51:21","date_gmt":"2022-09-07T11:51:21","guid":{"rendered":"https:\/\/www.kulturkreis-wachtendonk.de\/cms\/?p=10500"},"modified":"2022-09-30T13:15:25","modified_gmt":"2022-09-30T11:15:25","slug":"ausstellung-6","status":"publish","type":"post","link":"https:\/\/www.kulturkreis-wachtendonk.de\/cms\/ausstellung-6\/","title":{"rendered":"Ausstellung"},"content":{"rendered":"<figure id=\"attachment_10503\" aria-describedby=\"caption-attachment-10503\" style=\"width: 190px\" class=\"wp-caption alignleft\"><img decoding=\"async\" class=\"wp-image-10503 size-thumbnail\" src=\"https:\/\/www.kulturkreis-wachtendonk.de\/cms\/wp-content\/uploads\/2022\/09\/Laser2.-1-200x200.jpg\" alt=\"\" width=\"200\" height=\"200\" srcset=\"https:\/\/www.kulturkreis-wachtendonk.de\/cms\/wp-content\/uploads\/2022\/09\/Laser2.-1-200x200.jpg 200w, https:\/\/www.kulturkreis-wachtendonk.de\/cms\/wp-content\/uploads\/2022\/09\/Laser2.-1-300x300.jpg 300w, https:\/\/www.kulturkreis-wachtendonk.de\/cms\/wp-content\/uploads\/2022\/09\/Laser2.-1-768x768.jpg 768w, https:\/\/www.kulturkreis-wachtendonk.de\/cms\/wp-content\/uploads\/2022\/09\/Laser2.-1-1024x1024.jpg 1024w\" sizes=\"(max-width: 200px) 100vw, 200px\" \/><figcaption id=\"caption-attachment-10503\" class=\"wp-caption-text\">Waldkonzert<\/figcaption><\/figure>\n<p>&nbsp;<\/p>\n<p><strong>Ausstellung\u00a0<\/strong><\/p>\n<p><strong>Friedhelm Laser<\/strong><\/p>\n<p><strong>17. September 2022: 11-17 Uhr<\/strong><br \/>\n<strong>18. September 2022: 11-17 Uhr<\/strong><br \/>\n<strong>24. September 2022: 11-17 Uhr<\/strong><br \/>\n<strong>(oder nach Vereinbarung: laser.friedhelm@web.de)<\/strong><\/p>\n<p style=\"text-align: justify;\">Der K\u00fcnstler\u00a0\u00a0Friedhelm Laser wohnt in Wachtendonk. Er bezeichnet sich selbst als\u00a0k\u00fcnstlerischen Autodidakt. Schon fr\u00fch wurde er beeinflusst durch das Werk von Josef Beuys und seinen Satz &#8222;Jeder Mensch ist ein K\u00fcnstler&#8220;. Andere k\u00fcnstlerische Vorbilder sind Timm Ulrichs, Hans-Peter Feldmann und der belgische K\u00fcnstler Kris Martin.<\/p>\n<p style=\"text-align: justify;\">Seine Kunst entspricht dem Bed\u00fcrfnis, den vielf\u00e4ltigen Stimmen und Bildern, die jeden Tag seine Aufmerksamkeit beanspruchen, etwas Eigenes entgegen zu setzen.<br \/>\nDazu malt er keine Bilder, sondern nimmt Gegenst\u00e4nde, aber auch W\u00f6rter und S\u00e4tze aus ihrer gewohnten Umgebung und stellt neue Zusammenh\u00e4nge her so, dass andere Deutungsm\u00f6glichkeiten und Sinngebungen entstehen. Hierbei sind die Grenzen zwischen Spiel und Ernst, zwischen Sinn und Unsinn oftmals flie\u00dfend und das ist auch so beabsichtigt.<br \/>\nDas Ziel\u00a0 seiner Kunst ist es den Betrachter anzur\u00fchren und ihn anzuregen, mit offenen Augen durch die Welt zu gehen und sich sein eigenes Bild von ihr zu machen.<br \/>\n\u00a0<\/p>\n<p><strong>Altes Wasserwerk Wachtendonk, Fliethweg 44<\/strong><\/p>\n<p><strong>Eintritt frei<\/strong><\/p>\n","protected":false},"excerpt":{"rendered":"<p>&nbsp; Ausstellung\u00a0 Friedhelm Laser 17. September 2022: 11-17 Uhr 18. September 2022: 11-17 Uhr 24. September 2022: 11-17 Uhr (oder nach Vereinbarung: laser.friedhelm@web.de) Der K\u00fcnstler\u00a0\u00a0Friedhelm Laser wohnt in Wachtendonk. Er bezeichnet sich selbst als\u00a0k\u00fcnstlerischen Autodidakt. Schon fr\u00fch wurde er beeinflusst durch das Werk von Josef Beuys und seinen Satz &#8222;Jeder Mensch ist ein K\u00fcnstler&#8220;. Andere &#8230; <\/p>\n<p class=\"read-more-container\"><a title=\"Ausstellung\" class=\"read-more button\" href=\"https:\/\/www.kulturkreis-wachtendonk.de\/cms\/ausstellung-6\/#more-10500\" aria-label=\"Mehr Informationen \u00fcber Ausstellung\">Weiterlesen &#8230;<\/a><\/p>\n","protected":false},"author":4,"featured_media":0,"comment_status":"closed","ping_status":"closed","sticky":false,"template":"","format":"standard","meta":{"footnotes":""},"categories":[16],"tags":[],"class_list":["post-10500","post","type-post","status-publish","format-standard","hentry","category-veranstaltungsarchiv"],"_links":{"self":[{"href":"https:\/\/www.kulturkreis-wachtendonk.de\/cms\/wp-json\/wp\/v2\/posts\/10500","targetHints":{"allow":["GET"]}}],"collection":[{"href":"https:\/\/www.kulturkreis-wachtendonk.de\/cms\/wp-json\/wp\/v2\/posts"}],"about":[{"href":"https:\/\/www.kulturkreis-wachtendonk.de\/cms\/wp-json\/wp\/v2\/types\/post"}],"author":[{"embeddable":true,"href":"https:\/\/www.kulturkreis-wachtendonk.de\/cms\/wp-json\/wp\/v2\/users\/4"}],"replies":[{"embeddable":true,"href":"https:\/\/www.kulturkreis-wachtendonk.de\/cms\/wp-json\/wp\/v2\/comments?post=10500"}],"version-history":[{"count":5,"href":"https:\/\/www.kulturkreis-wachtendonk.de\/cms\/wp-json\/wp\/v2\/posts\/10500\/revisions"}],"predecessor-version":[{"id":11658,"href":"https:\/\/www.kulturkreis-wachtendonk.de\/cms\/wp-json\/wp\/v2\/posts\/10500\/revisions\/11658"}],"wp:attachment":[{"href":"https:\/\/www.kulturkreis-wachtendonk.de\/cms\/wp-json\/wp\/v2\/media?parent=10500"}],"wp:term":[{"taxonomy":"category","embeddable":true,"href":"https:\/\/www.kulturkreis-wachtendonk.de\/cms\/wp-json\/wp\/v2\/categories?post=10500"},{"taxonomy":"post_tag","embeddable":true,"href":"https:\/\/www.kulturkreis-wachtendonk.de\/cms\/wp-json\/wp\/v2\/tags?post=10500"}],"curies":[{"name":"wp","href":"https:\/\/api.w.org\/{rel}","templated":true}]}}