{"id":10347,"date":"2022-04-11T10:22:18","date_gmt":"2022-04-11T08:22:18","guid":{"rendered":"https:\/\/www.kulturkreis-wachtendonk.de\/cms\/?p=10347"},"modified":"2022-07-18T14:58:32","modified_gmt":"2022-07-18T12:58:32","slug":"summer-mix-22-konzert-in-wankum-2","status":"publish","type":"post","link":"https:\/\/www.kulturkreis-wachtendonk.de\/cms\/summer-mix-22-konzert-in-wankum-2\/","title":{"rendered":"Summer Mix `22 &#8211; Konzert in Wankum"},"content":{"rendered":"<p><img decoding=\"async\" class=\"alignleft size-thumbnail wp-image-10343\" src=\"https:\/\/www.kulturkreis-wachtendonk.de\/cms\/wp-content\/uploads\/2022\/06\/Saitensprung-deluxe4-200x200.jpeg\" alt=\"\" width=\"200\" height=\"200\" \/><\/p>\n<p>&nbsp;<\/p>\n<p><strong>Konzert in Wankum<\/strong><\/p>\n<p><strong>SAITENSPRUNG deluxe<\/strong><\/p>\n<p><strong>Freitag, 15.7.2022, 19.30 Uhr<\/strong><\/p>\n<p>&nbsp;<\/p>\n<p style=\"text-align: justify;\">Bei der Premiere des Summer Mix im letzten Jahr wurde erstmalig der Schulhof der Grundschule Wankum f\u00fcr open air Veranstaltungen genutzt. Die Location kam bei K\u00fcnstlern und Publikum so gut an, dass der Kulturkreis auch 2022 hier wieder ein Konzert durchf\u00fchrt.\u00a0 Am Start ist diesmal die\u00a0 Band\u00a0<strong>SAITENSPRUNG deluxe<\/strong>.<\/p>\n<p style=\"text-align: justify;\">Man nannte sie bereits \u201edie Reiter der Akustikolypse\u201c.<br \/>\nSie spielten beim Straelen Live Festival, rockten den Kulturbummel,\u00a0verzauberten den Light Walk und machten das Weinfest unvergesslich.<br \/>\n3 Mann, 3 Gitarren, 3 Mikros\u2026 und die B\u00fchne bebt!<\/p>\n<p><strong>Eintritt 5 Euro (nur Abendkasse)<\/strong><\/p>\n<p><strong>Schulhof der Grundschule Wankum<\/strong><\/p>\n","protected":false},"excerpt":{"rendered":"<p>&nbsp; Konzert in Wankum SAITENSPRUNG deluxe Freitag, 15.7.2022, 19.30 Uhr &nbsp; Bei der Premiere des Summer Mix im letzten Jahr wurde erstmalig der Schulhof der Grundschule Wankum f\u00fcr open air Veranstaltungen genutzt. Die Location kam bei K\u00fcnstlern und Publikum so gut an, dass der Kulturkreis auch 2022 hier wieder ein Konzert durchf\u00fchrt.\u00a0 Am Start ist &#8230; <\/p>\n<p class=\"read-more-container\"><a title=\"Summer Mix `22 &#8211; Konzert in Wankum\" class=\"read-more button\" href=\"https:\/\/www.kulturkreis-wachtendonk.de\/cms\/summer-mix-22-konzert-in-wankum-2\/#more-10347\" aria-label=\"Mehr Informationen \u00fcber Summer Mix `22 &#8211; Konzert in Wankum\">Weiterlesen &#8230;<\/a><\/p>\n","protected":false},"author":4,"featured_media":0,"comment_status":"closed","ping_status":"closed","sticky":false,"template":"","format":"standard","meta":{"footnotes":""},"categories":[16],"tags":[],"class_list":["post-10347","post","type-post","status-publish","format-standard","hentry","category-veranstaltungsarchiv"],"_links":{"self":[{"href":"https:\/\/www.kulturkreis-wachtendonk.de\/cms\/wp-json\/wp\/v2\/posts\/10347","targetHints":{"allow":["GET"]}}],"collection":[{"href":"https:\/\/www.kulturkreis-wachtendonk.de\/cms\/wp-json\/wp\/v2\/posts"}],"about":[{"href":"https:\/\/www.kulturkreis-wachtendonk.de\/cms\/wp-json\/wp\/v2\/types\/post"}],"author":[{"embeddable":true,"href":"https:\/\/www.kulturkreis-wachtendonk.de\/cms\/wp-json\/wp\/v2\/users\/4"}],"replies":[{"embeddable":true,"href":"https:\/\/www.kulturkreis-wachtendonk.de\/cms\/wp-json\/wp\/v2\/comments?post=10347"}],"version-history":[{"count":8,"href":"https:\/\/www.kulturkreis-wachtendonk.de\/cms\/wp-json\/wp\/v2\/posts\/10347\/revisions"}],"predecessor-version":[{"id":10464,"href":"https:\/\/www.kulturkreis-wachtendonk.de\/cms\/wp-json\/wp\/v2\/posts\/10347\/revisions\/10464"}],"wp:attachment":[{"href":"https:\/\/www.kulturkreis-wachtendonk.de\/cms\/wp-json\/wp\/v2\/media?parent=10347"}],"wp:term":[{"taxonomy":"category","embeddable":true,"href":"https:\/\/www.kulturkreis-wachtendonk.de\/cms\/wp-json\/wp\/v2\/categories?post=10347"},{"taxonomy":"post_tag","embeddable":true,"href":"https:\/\/www.kulturkreis-wachtendonk.de\/cms\/wp-json\/wp\/v2\/tags?post=10347"}],"curies":[{"name":"wp","href":"https:\/\/api.w.org\/{rel}","templated":true}]}}