{"id":10234,"date":"2022-04-10T16:50:58","date_gmt":"2022-04-10T14:50:58","guid":{"rendered":"https:\/\/www.kulturkreis-wachtendonk.de\/cms\/?p=10234"},"modified":"2022-07-25T17:20:17","modified_gmt":"2022-07-25T15:20:17","slug":"summer-mix-22-folk-auf-dem-friedensplatz-2","status":"publish","type":"post","link":"https:\/\/www.kulturkreis-wachtendonk.de\/cms\/summer-mix-22-folk-auf-dem-friedensplatz-2\/","title":{"rendered":"Summer Mix `22 &#8211; Folk auf dem Friedensplatz"},"content":{"rendered":"<p><img fetchpriority=\"high\" decoding=\"async\" class=\"alignleft wp-image-3673 \" src=\"https:\/\/www.kulturkreis-wachtendonk.de\/cms\/wp-content\/uploads\/2013\/05\/logo-kk-far-homepage.jpg\" alt=\"\" width=\"208\" height=\"281\" srcset=\"https:\/\/www.kulturkreis-wachtendonk.de\/cms\/wp-content\/uploads\/2013\/05\/logo-kk-far-homepage.jpg 482w, https:\/\/www.kulturkreis-wachtendonk.de\/cms\/wp-content\/uploads\/2013\/05\/logo-kk-far-homepage-222x300.jpg 222w\" sizes=\"(max-width: 208px) 100vw, 208px\" \/><\/p>\n<p>&nbsp;<\/p>\n<p><strong>Folk\u00a0 auf dem Friedensplatz<\/strong><\/p>\n<p><strong>Sonntag 24.7.2022,\u00a0 12 \u2013 17 Uhr<\/strong><\/p>\n<p><strong>12 Uhr Kerry Mountains Groove<\/strong><br \/>\n<strong>13 Uhr Irish Strings &amp; Pipes<\/strong><br \/>\n<strong>14 Uhr Faelend<\/strong><br \/>\n<strong>15 Uhr AJERO<\/strong><br \/>\n<strong>16 Uhr\u00a0 Irish Pints\u00a0<\/strong><\/p>\n<p>Einen ganzen Nachmittag lang l\u00e4dt der Kulturkreis Wachtendonk zu Folkmusik ein.\u00a0 Also ruhig die Picknickdecke eingepackt und auf zum Friedensplatz!<\/p>\n<p>&nbsp;<\/p>\n<figure id=\"attachment_10228\" aria-describedby=\"caption-attachment-10228\" style=\"width: 190px\" class=\"wp-caption alignleft\"><img decoding=\"async\" class=\"size-thumbnail wp-image-10228\" src=\"https:\/\/www.kulturkreis-wachtendonk.de\/cms\/wp-content\/uploads\/2022\/06\/Kerry-Mountains-Groove2-200x200.jpg\" alt=\"\" width=\"200\" height=\"200\" \/><figcaption id=\"caption-attachment-10228\" class=\"wp-caption-text\">Kerry Mountains Groove<\/figcaption><\/figure>\n<p style=\"text-align: justify;\"><strong><br \/>\n12 Uhr Kerry Mountains Groove<\/strong><\/p>\n<p style=\"text-align: justify;\">\u201cWe are Irish not because we were born in Ireland, but because Ireland was born in us\u201d \u2013 so steht es auf der Homepage des Quartetts aus Hilden. Die \u201c<strong>Kerry Mountain`s Groove<\/strong>\u201d spielen Irische Songs, flotte Instrumentalst\u00fccke und gef\u00fchlvolle Balladen, also alles was den Irish-Folk-Fan erfreut.\u00a0<strong><br \/>\n<\/strong><\/p>\n<p style=\"text-align: justify;\">Wir begr\u00fc\u00dfen eine Band mit den typischen irischen Musikinstrumenten, und Gesang fehlt nat\u00fcrlich auch nicht. Have some Craig agus Ceol (Spass und Musik), wie der Ire zu sagen pflegt.<\/p>\n<p>&nbsp;<\/p>\n<figure id=\"attachment_10469\" aria-describedby=\"caption-attachment-10469\" style=\"width: 189px\" class=\"wp-caption alignleft\"><img decoding=\"async\" class=\"wp-image-10469 \" src=\"https:\/\/www.kulturkreis-wachtendonk.de\/cms\/wp-content\/uploads\/2022\/04\/IrishStringsAndPipes_2.jpeg\" alt=\"\" width=\"199\" height=\"266\" \/><figcaption id=\"caption-attachment-10469\" class=\"wp-caption-text\">Irish Strings &amp; Pipes<\/figcaption><\/figure>\n<p style=\"text-align: justify;\"><strong><br \/>\n13 Uhr\u00a0 Irish Strings &amp; Pipes<\/p>\n<p><\/strong>Um 13.00 Uhr schlie\u00dfen sich <strong>Irish Strings &amp; Pipes<\/strong> mit irischen Jigs und Reels, Airs und Songs an: S\u00e4ngerin Tanja Billeter stellt mit ausdrucksstarker und kr\u00e4ftiger Stimme fr\u00f6hliche und nachdenkliche (neu-)irische Lieder vor. In den H\u00e4nden der Wankumerin Angelika Belz entfaltet der irische Dudelsack &#8218;Uilleann Pipes&#8216; seinen einzigartigen schmelzenden Klang und der Leuther Gitarrist Cor Vaessen zeigt auf der Gitarre Fingerpicking in h\u00f6chster Vollendung. Daneben sorgen die irische Rahmentrommel Bodhr\u00e1n und Mandoline f\u00fcr feurige Rhythmen und frischen Klang.<\/p>\n<p>&nbsp;<\/p>\n<p>&nbsp;<\/p>\n<p>&nbsp;<\/p>\n<figure id=\"attachment_10224\" aria-describedby=\"caption-attachment-10224\" style=\"width: 190px\" class=\"wp-caption alignleft\"><img loading=\"lazy\" decoding=\"async\" class=\"size-thumbnail wp-image-10224\" src=\"https:\/\/www.kulturkreis-wachtendonk.de\/cms\/wp-content\/uploads\/2022\/06\/faelend3-200x200.jpg\" alt=\"\" width=\"200\" height=\"200\" \/><figcaption id=\"caption-attachment-10224\" class=\"wp-caption-text\">Faelend<\/figcaption><\/figure>\n<p style=\"text-align: justify;\"><strong>14 Uhr\u00a0 \u00a0Faelend<\/strong><strong>\u00a0<\/p>\n<p><\/strong><strong>Faelend<\/strong> pr\u00e4sentiert\u00a0 die Musik der dunklen Elben \u2013 eine Reise durch Zeit und Dimensionen. Der exquisite Mix aus mystischen und asiatischen Sph\u00e4ren, elbischen Kunstsprachen und fesselnden Melodien erschafft ein Klangerlebnis, das nur aus Tolkiens fantastischer Welt des \u201eHerrn der Ringe\u201c entsprungen sein kann. Die Kombination aus Jahrhunderte alten, asiatischen Instrumenten und brandneuer Soundtechnik bereichert den H\u00f6rsinn und \u00f6ffnet die T\u00fcr zu neuen, musikalischen Vorstellungswelten. . Geboren aus Tolkiens Phantasiewelt, sind die dunklen Elben von Faelend auf der Suche nach dem Mittelerde der Gegenwart.<br \/>\nDie Bandmitglieder Monika Stienen (S\u00e4ngerin) und Diane Furth (Bodhran) kommen aus Wankum.<\/p>\n<p>&nbsp;<\/p>\n<figure id=\"attachment_10221\" aria-describedby=\"caption-attachment-10221\" style=\"width: 190px\" class=\"wp-caption alignleft\"><img loading=\"lazy\" decoding=\"async\" class=\"size-thumbnail wp-image-10221\" src=\"https:\/\/www.kulturkreis-wachtendonk.de\/cms\/wp-content\/uploads\/2022\/06\/Fabian-Jeromino-200x200.jpg\" alt=\"\" width=\"200\" height=\"200\" \/><figcaption id=\"caption-attachment-10221\" class=\"wp-caption-text\">Fabian Jeromino<\/figcaption><\/figure>\n<p style=\"text-align: justify;\"><strong>15 Uhr\u00a0AJERO<\/p>\n<p><\/strong>Fabian sammelt Geschichten, Lieder und Gef\u00fchle und schenkt sie euch als <strong>AJERO<\/strong> zur\u00fcck.\u00a0<br \/>\nAufgewachsen am Niederrhein mitten in der Protestkunst der 1980er Jahre, heftig rockend\u00a0sozialisiert in den 90ern \u2013 und ab der Jahrtausendwende aktiver (Irish-) Folker.\u00a0Zun\u00e4chst als Fronter der Folkrocker POTCHEEN BUSKERS, dann als die eine H\u00e4lfte des\u00a0CelticEssence-Duos FLATLANDERS FOLK. Au\u00dferdem Teil der deutschsprachigen\u00a0Akustikband GEGENLICHT.\u00a0Heute lebt er mit seiner Familie in K\u00f6ln und erz\u00e4hlt als AJERO solo mit Gitarre und Gesang\u00a0von Geschichten, Eindr\u00fccken und Stimmungen, die ihn auf diesem Weg beeindruckt haben.\u00a0Das ist oft folkig, meist nachdenklich, manchmal auch rockig \u2013 aber immer emotional, ehrlich\u00a0und direkt.<\/p>\n<p>&nbsp;<\/p>\n<figure id=\"attachment_10225\" aria-describedby=\"caption-attachment-10225\" style=\"width: 190px\" class=\"wp-caption alignleft\"><img loading=\"lazy\" decoding=\"async\" class=\"size-thumbnail wp-image-10225\" src=\"https:\/\/www.kulturkreis-wachtendonk.de\/cms\/wp-content\/uploads\/2022\/06\/Iris-Pints-1-200x172.jpg\" alt=\"\" width=\"200\" height=\"172\" \/><figcaption id=\"caption-attachment-10225\" class=\"wp-caption-text\">Irish Pints<\/figcaption><\/figure>\n<p style=\"text-align: justify;\"><strong>16 Uhr\u00a0 Irish Pints<\/p>\n<p><\/strong><strong>Irish Pints\u00a0<\/strong>&#8211; unter diesem Bandnamen fanden sich 2005 zwei Musiker mit besonderer Leidenschaft f\u00fcr keltische Folkmusik zusammen. Damals schon waren Peter Baumann und Henning Wilms in der rheinisch-bergischen Folk- und Sessionszene keine Unbekannten, hatten auf ihren zahlreichen Reisen durch Irland, Schottland und die Bretagne musikalische Eindr\u00fccke gesammelt, die sie mit ihren verschiedenen Instrumenten in diverse Folkmusik- Formationen einbrachten. Ob mit gef\u00fchlvollen keltischen Balladen und Instrumentalkompositionen, ob mit temporeichen Tanzmelodien oder stimmungsvollen Pubsongs\u2013 die Irish Pints finden f\u00fcr jeden Auftrittsanlass und jedes Publikum den rechten keltischen Ton.<\/p>\n<p>&nbsp;<\/p>\n<p style=\"text-align: justify;\"><img loading=\"lazy\" decoding=\"async\" class=\"alignleft wp-image-10321 size-medium\" src=\"https:\/\/www.kulturkreis-wachtendonk.de\/cms\/wp-content\/uploads\/2022\/04\/Logo_4c_zweizeilig_links_pos-300x119.jpg\" alt=\"\" width=\"300\" height=\"119\" srcset=\"https:\/\/www.kulturkreis-wachtendonk.de\/cms\/wp-content\/uploads\/2022\/04\/Logo_4c_zweizeilig_links_pos-300x119.jpg 300w, https:\/\/www.kulturkreis-wachtendonk.de\/cms\/wp-content\/uploads\/2022\/04\/Logo_4c_zweizeilig_links_pos-768x305.jpg 768w, https:\/\/www.kulturkreis-wachtendonk.de\/cms\/wp-content\/uploads\/2022\/04\/Logo_4c_zweizeilig_links_pos-1024x407.jpg 1024w\" sizes=\"(max-width: 300px) 100vw, 300px\" \/><\/p>\n<p style=\"text-align: justify;\">Ein herzliches Dankesch\u00f6n richtet der Kulturkreis Wachtendonk an die Volksbank an der Niers, die diese Veranstaltung gesponsert hat.\u00a0 Ohne ein solches finanzielles Engagement w\u00e4re die Durchf\u00fchrung Eintritts-freier Veranstaltungen nicht m\u00f6glich.<\/p>\n<p>&nbsp;<\/p>\n<p>&nbsp;<\/p>\n<p><strong>Friedensplatz Wachtendonk<\/strong><\/p>\n<p><strong>Eintritt frei<\/strong><\/p>\n","protected":false},"excerpt":{"rendered":"<p>&nbsp; Folk\u00a0 auf dem Friedensplatz Sonntag 24.7.2022,\u00a0 12 \u2013 17 Uhr 12 Uhr Kerry Mountains Groove 13 Uhr Irish Strings &amp; Pipes 14 Uhr Faelend 15 Uhr AJERO 16 Uhr\u00a0 Irish Pints\u00a0 Einen ganzen Nachmittag lang l\u00e4dt der Kulturkreis Wachtendonk zu Folkmusik ein.\u00a0 Also ruhig die Picknickdecke eingepackt und auf zum Friedensplatz! &nbsp; 12 Uhr &#8230; <\/p>\n<p class=\"read-more-container\"><a title=\"Summer Mix `22 &#8211; Folk auf dem Friedensplatz\" class=\"read-more button\" href=\"https:\/\/www.kulturkreis-wachtendonk.de\/cms\/summer-mix-22-folk-auf-dem-friedensplatz-2\/#more-10234\" aria-label=\"Mehr Informationen \u00fcber Summer Mix `22 &#8211; Folk auf dem Friedensplatz\">Weiterlesen &#8230;<\/a><\/p>\n","protected":false},"author":4,"featured_media":0,"comment_status":"closed","ping_status":"closed","sticky":false,"template":"","format":"standard","meta":{"footnotes":""},"categories":[16],"tags":[],"class_list":["post-10234","post","type-post","status-publish","format-standard","hentry","category-veranstaltungsarchiv"],"_links":{"self":[{"href":"https:\/\/www.kulturkreis-wachtendonk.de\/cms\/wp-json\/wp\/v2\/posts\/10234","targetHints":{"allow":["GET"]}}],"collection":[{"href":"https:\/\/www.kulturkreis-wachtendonk.de\/cms\/wp-json\/wp\/v2\/posts"}],"about":[{"href":"https:\/\/www.kulturkreis-wachtendonk.de\/cms\/wp-json\/wp\/v2\/types\/post"}],"author":[{"embeddable":true,"href":"https:\/\/www.kulturkreis-wachtendonk.de\/cms\/wp-json\/wp\/v2\/users\/4"}],"replies":[{"embeddable":true,"href":"https:\/\/www.kulturkreis-wachtendonk.de\/cms\/wp-json\/wp\/v2\/comments?post=10234"}],"version-history":[{"count":30,"href":"https:\/\/www.kulturkreis-wachtendonk.de\/cms\/wp-json\/wp\/v2\/posts\/10234\/revisions"}],"predecessor-version":[{"id":11356,"href":"https:\/\/www.kulturkreis-wachtendonk.de\/cms\/wp-json\/wp\/v2\/posts\/10234\/revisions\/11356"}],"wp:attachment":[{"href":"https:\/\/www.kulturkreis-wachtendonk.de\/cms\/wp-json\/wp\/v2\/media?parent=10234"}],"wp:term":[{"taxonomy":"category","embeddable":true,"href":"https:\/\/www.kulturkreis-wachtendonk.de\/cms\/wp-json\/wp\/v2\/categories?post=10234"},{"taxonomy":"post_tag","embeddable":true,"href":"https:\/\/www.kulturkreis-wachtendonk.de\/cms\/wp-json\/wp\/v2\/tags?post=10234"}],"curies":[{"name":"wp","href":"https:\/\/api.w.org\/{rel}","templated":true}]}}