{"id":10137,"date":"2022-05-20T16:21:14","date_gmt":"2022-05-20T14:21:14","guid":{"rendered":"https:\/\/www.kulturkreis-wachtendonk.de\/cms\/?p=10137"},"modified":"2022-06-20T12:47:14","modified_gmt":"2022-06-20T10:47:14","slug":"ausstellung-7","status":"publish","type":"post","link":"https:\/\/www.kulturkreis-wachtendonk.de\/cms\/ausstellung-7\/","title":{"rendered":"Ausstellung"},"content":{"rendered":"<p>&nbsp;<\/p>\n<p><img decoding=\"async\" class=\"alignleft size-thumbnail wp-image-10131\" src=\"https:\/\/www.kulturkreis-wachtendonk.de\/cms\/wp-content\/uploads\/2022\/05\/NEANDERARTgroup1-200x200.jpg\" alt=\"\" width=\"200\" height=\"200\" \/><strong>Ausstellung<\/strong><br \/>\n<strong>\u201cHinter offenen T\u00fcren\u201d<\/strong><\/p>\n<p><strong>NEANDERARTgroup<\/strong><\/p>\n<p><strong>Freitag, 10.6.2022 bis Sonntag, 12.6.2022<\/strong><br \/>\n<strong>Vernisage: Freitag, 10.6.2022, 18.00 Uhr<\/strong><\/p>\n<p style=\"text-align: justify;\">\nMit ihrer Ausstellung ,,Hinter offenen T\u00fcren&#8220; feiert die NEANDERARTgroup Premiere im Alten Wasserwerk in Wachtendonk.\u00a0 Der Zusammenschlu\u00df von 35 bildenden K\u00fcnstlerinnen und K\u00fcnstler um Ralf Buchholz, der vor einem Jahr nach Straelen gezogen ist, war sofort von den R\u00e4umlichkeiten begeistert.<\/p>\n<p style=\"text-align: justify;\">Die K\u00fcnstlergruppe formierte sich vor 13 Jahren am Neanderthal und besteht heute aus Kreativen aus dem Kreis Mettmann, D\u00fcsseldorf, Niederrhein und dem Ruhrgebiet.<\/p>\n<p style=\"text-align: justify;\">Am 9. Juni wird Buchholz vor Ort Bilder entstehen lassen und am Freitag, den 10. Juni, laden die ausstellenden K\u00fcnstler*innen dann ab 18.00 Uhr zur Vernissage ein.<br \/>\nZu sehen sind Malerei, Collagen, Skulpturen und Fotografie. Als Gastk\u00fcnstler sind mit dabei Silvia und G\u00fcnter Heimbucher vom ARThaus Kempen und der Skulpteur Pasquale Lo Tufo aus M\u00f6nchengladbach.<\/p>\n<p><strong>\u00d6ffnungszeiten:<\/strong><br \/>\n<strong>Freitag, 10.6.2022, ab 18.00 Uhr (Vernisage)<\/strong><br \/>\n<strong>Samstag. 11.6.2022, und Sonntag, 12.6.2022, jeweils von 14 Uhr bis 18 Uhr<\/strong><\/p>\n<p><strong>Altes Wasserwerk Wachtendonk<\/strong><\/p>\n","protected":false},"excerpt":{"rendered":"<p>&nbsp; Ausstellung \u201cHinter offenen T\u00fcren\u201d NEANDERARTgroup Freitag, 10.6.2022 bis Sonntag, 12.6.2022 Vernisage: Freitag, 10.6.2022, 18.00 Uhr Mit ihrer Ausstellung ,,Hinter offenen T\u00fcren&#8220; feiert die NEANDERARTgroup Premiere im Alten Wasserwerk in Wachtendonk.\u00a0 Der Zusammenschlu\u00df von 35 bildenden K\u00fcnstlerinnen und K\u00fcnstler um Ralf Buchholz, der vor einem Jahr nach Straelen gezogen ist, war sofort von den R\u00e4umlichkeiten &#8230; <\/p>\n<p class=\"read-more-container\"><a title=\"Ausstellung\" class=\"read-more button\" href=\"https:\/\/www.kulturkreis-wachtendonk.de\/cms\/ausstellung-7\/#more-10137\" aria-label=\"Mehr Informationen \u00fcber Ausstellung\">Weiterlesen &#8230;<\/a><\/p>\n","protected":false},"author":4,"featured_media":0,"comment_status":"closed","ping_status":"closed","sticky":false,"template":"","format":"standard","meta":{"footnotes":""},"categories":[16],"tags":[],"class_list":["post-10137","post","type-post","status-publish","format-standard","hentry","category-veranstaltungsarchiv"],"_links":{"self":[{"href":"https:\/\/www.kulturkreis-wachtendonk.de\/cms\/wp-json\/wp\/v2\/posts\/10137","targetHints":{"allow":["GET"]}}],"collection":[{"href":"https:\/\/www.kulturkreis-wachtendonk.de\/cms\/wp-json\/wp\/v2\/posts"}],"about":[{"href":"https:\/\/www.kulturkreis-wachtendonk.de\/cms\/wp-json\/wp\/v2\/types\/post"}],"author":[{"embeddable":true,"href":"https:\/\/www.kulturkreis-wachtendonk.de\/cms\/wp-json\/wp\/v2\/users\/4"}],"replies":[{"embeddable":true,"href":"https:\/\/www.kulturkreis-wachtendonk.de\/cms\/wp-json\/wp\/v2\/comments?post=10137"}],"version-history":[{"count":8,"href":"https:\/\/www.kulturkreis-wachtendonk.de\/cms\/wp-json\/wp\/v2\/posts\/10137\/revisions"}],"predecessor-version":[{"id":11654,"href":"https:\/\/www.kulturkreis-wachtendonk.de\/cms\/wp-json\/wp\/v2\/posts\/10137\/revisions\/11654"}],"wp:attachment":[{"href":"https:\/\/www.kulturkreis-wachtendonk.de\/cms\/wp-json\/wp\/v2\/media?parent=10137"}],"wp:term":[{"taxonomy":"category","embeddable":true,"href":"https:\/\/www.kulturkreis-wachtendonk.de\/cms\/wp-json\/wp\/v2\/categories?post=10137"},{"taxonomy":"post_tag","embeddable":true,"href":"https:\/\/www.kulturkreis-wachtendonk.de\/cms\/wp-json\/wp\/v2\/tags?post=10137"}],"curies":[{"name":"wp","href":"https:\/\/api.w.org\/{rel}","templated":true}]}}