{"id":10028,"date":"2022-03-15T11:11:52","date_gmt":"2022-03-15T10:11:52","guid":{"rendered":"https:\/\/www.kulturkreis-wachtendonk.de\/cms\/?p=10028"},"modified":"2022-09-07T14:11:47","modified_gmt":"2022-09-07T12:11:47","slug":"atelier-und-ausstellung","status":"publish","type":"post","link":"https:\/\/www.kulturkreis-wachtendonk.de\/cms\/atelier-und-ausstellung\/","title":{"rendered":"Atelier und Ausstellung"},"content":{"rendered":"<figure id=\"attachment_10030\" aria-describedby=\"caption-attachment-10030\" style=\"width: 190px\" class=\"wp-caption alignleft\"><img decoding=\"async\" class=\"wp-image-10030 size-thumbnail\" src=\"https:\/\/www.kulturkreis-wachtendonk.de\/cms\/wp-content\/uploads\/2022\/05\/Ausstellung-Kroes-Pepels-IMG_2148-1-200x200.jpg\" alt=\"\" width=\"200\" height=\"200\" \/><figcaption id=\"caption-attachment-10030\" class=\"wp-caption-text\">Piet Pepels Skulptur<\/figcaption><\/figure>\n<p><strong><br \/>\nAusstellung und Atelier<\/strong><\/p>\n<p><strong>&#8220; SICHTWEISEN&#8220; <\/strong><br \/>\n<strong>in Farben und Formen<\/strong><\/p>\n<p><strong>13.8. bis 4.9.2022<\/strong><br \/>\n<strong>Ausstellungser\u00f6ffnung: Samstag 13.8.2022, 14 Uhr<\/strong><\/p>\n<p>Vier Wochen lang sind die beiden niederl\u00e4ndischen K\u00fcnstler Mannes Kroes und Piet Pepels zu Gast im Alten Wasserwerk. Sie &#8222;schaffen&#8220; vor Ort, bieten aber auch Ausstellungszeiten an.<\/p>\n<figure id=\"attachment_10099\" aria-describedby=\"caption-attachment-10099\" style=\"width: 190px\" class=\"wp-caption alignright\"><img decoding=\"async\" class=\"wp-image-10099 size-thumbnail\" src=\"https:\/\/www.kulturkreis-wachtendonk.de\/cms\/wp-content\/uploads\/2022\/03\/2016-Alte-Flaschen-vor-Fenster-200x200.jpg\" alt=\"\" width=\"200\" height=\"200\" \/><figcaption id=\"caption-attachment-10099\" class=\"wp-caption-text\">Mannes Kroes Alte Flaschen vor Fenster<\/figcaption><\/figure>\n<p>&nbsp;<\/p>\n<p style=\"text-align: justify;\"><strong>Mannes Kroes<\/strong>, geboren am 12. Juni 1941 in Wezep\/Niederlande, arbeitete bis 1996 beim Kadaster in Breda. In seiner freien Zeit war er intensiv mit Bildhauen besch\u00e4ftigt.<\/p>\n<p style=\"text-align: justify;\">Nach seinem Umzug nach Venlo\u00a0 begann er 1999 aktiv \u00a0mit Malen von \u00d6lbildern. Je mehr er sich in diese Materie vertieft, um so mehr entdeckt er Dinge, die sich in ein Bild umsetzen lassen. Er entdeckt \u00d6lfarbe als ein besonderes Medium f\u00fcr Experimente beim Malen von Lage auf Lage, wodurch seine Bilder eine besondere Transparenz erhalten. Das st\u00e4ndig sich ver\u00e4ndernde Spiel von Licht und Schatten ist f\u00fcr ihn eine immer wiederkehrende Herausforderung. Seine Stillleben und Landschaften sind klassisch und durch seine Methode, Farben zu gebrauchen, strahlen sie W\u00e4rme und Tiefe aus. Durch seinen genauen Blick und seine Pr\u00e4zision findet er immer wieder neue Dinge, die ihn inspirieren.<\/p>\n<figure id=\"attachment_10031\" aria-describedby=\"caption-attachment-10031\" style=\"width: 190px\" class=\"wp-caption alignleft\"><img decoding=\"async\" class=\"wp-image-10031 size-thumbnail\" src=\"https:\/\/www.kulturkreis-wachtendonk.de\/cms\/wp-content\/uploads\/2022\/05\/Ausstellung-Kroes-Pepels-IMG_2148-2-200x200.jpg\" alt=\"\" width=\"200\" height=\"200\" \/><figcaption id=\"caption-attachment-10031\" class=\"wp-caption-text\">Piet Pepels Skulptur<\/figcaption><\/figure>\n<p style=\"text-align: justify;\"><strong><br \/>\nPiet Pepels<\/strong> lebt in Venlo. Nach einer Karriere im \u00f6ffentlichen Sektor konzentrierte sich Piet darauf, Skulpturen\u00a0 zu machen.<\/p>\n<p style=\"text-align: justify;\">Er arbeitet mit unterschiedlichen Materialien wie Ton, Holz und Stein. Jedes Material bietet seine eigenen Ausdrucksm\u00f6glichkeiten. Die Inspiration sind vor allem Menschen sowohl im t\u00e4glichen Leben als auch auf der Weltb\u00fchne, wie MeToo, Coronapandemie, Machtmissbrauch und Krieg. Seine Motivation ist es, Emotionen in Form zu bringen. Farbe und Oberfl\u00e4chenbehandlung verfeinern den Ausdruck des Objekts. Die Titel der Skulpturen beziehen sich auf bestimmte Ereignisse und Situationen in unserem Leben und helfen dem Betrachter, das Werk zu interpretieren.<\/p>\n<p style=\"text-align: justify;\">Die Werke k\u00f6nnen figurativ oder abstrakt sein; organisch, aber auch geometrisch. Der Ausdruck variiert von heiter bis aufreizend. Die Skulpturen haben nat\u00fcrliche oder erdige Farben.<\/p>\n<p style=\"text-align: justify;\">Piet Pepels ist ein autodidaktischer Bildhauer; Er entwickelte auch die F\u00e4higkeit, selbst mit diesen Materialien zu arbeiten.<\/p>\n<p><strong>Ausstellungser\u00f6ffnung:\u00a0\u00a0\u00a0\u00a0\u00a0\u00a0 Samstag, 13.8.2022, 14 Uhr (Einlass 13 Uhr)<\/p>\n<p>weitere \u00d6ffnungszeiten:\u00a0\u00a0\u00a0\u00a0\u00a0 <br \/>\nSonntag, 14.8.2022, 13 &#8211; 17 Uhr<\/strong><br \/>\n<strong>Samstag, 20.8.2022, 13 &#8211; 17 Uhr<\/strong><br \/>\n<strong>Sonntag, 21.8.2022, 13 &#8211; 17 Uhr<br \/>\n<\/strong><strong>Samstag, 27.8.2022, 13 &#8211; 17 Uhr<\/strong><br \/>\n<strong>Sonntag, 28.8.2022, 13 &#8211; 17 Uhr<\/strong><br \/>\n<strong>Samstag, 3.9.2022, 13 &#8211; 17 Uhr<\/strong><br \/>\n<strong>Sonntag, 4.9.2022, 13 &#8211; 17 Uhr<\/strong><\/p>\n<p><strong>Altes Wasserwerk Wachtendonk, Fliethweg 44<br \/>\n<\/strong><\/p>\n<p><strong>Eintritt frei<\/strong><\/p>\n","protected":false},"excerpt":{"rendered":"<p>Ausstellung und Atelier &#8220; SICHTWEISEN&#8220; in Farben und Formen 13.8. bis 4.9.2022 Ausstellungser\u00f6ffnung: Samstag 13.8.2022, 14 Uhr Vier Wochen lang sind die beiden niederl\u00e4ndischen K\u00fcnstler Mannes Kroes und Piet Pepels zu Gast im Alten Wasserwerk. Sie &#8222;schaffen&#8220; vor Ort, bieten aber auch Ausstellungszeiten an. &nbsp; Mannes Kroes, geboren am 12. Juni 1941 in Wezep\/Niederlande, arbeitete &#8230; <\/p>\n<p class=\"read-more-container\"><a title=\"Atelier und Ausstellung\" class=\"read-more button\" href=\"https:\/\/www.kulturkreis-wachtendonk.de\/cms\/atelier-und-ausstellung\/#more-10028\" aria-label=\"Mehr Informationen \u00fcber Atelier und Ausstellung\">Weiterlesen &#8230;<\/a><\/p>\n","protected":false},"author":4,"featured_media":0,"comment_status":"closed","ping_status":"closed","sticky":false,"template":"","format":"standard","meta":{"footnotes":""},"categories":[16],"tags":[],"class_list":["post-10028","post","type-post","status-publish","format-standard","hentry","category-veranstaltungsarchiv"],"_links":{"self":[{"href":"https:\/\/www.kulturkreis-wachtendonk.de\/cms\/wp-json\/wp\/v2\/posts\/10028","targetHints":{"allow":["GET"]}}],"collection":[{"href":"https:\/\/www.kulturkreis-wachtendonk.de\/cms\/wp-json\/wp\/v2\/posts"}],"about":[{"href":"https:\/\/www.kulturkreis-wachtendonk.de\/cms\/wp-json\/wp\/v2\/types\/post"}],"author":[{"embeddable":true,"href":"https:\/\/www.kulturkreis-wachtendonk.de\/cms\/wp-json\/wp\/v2\/users\/4"}],"replies":[{"embeddable":true,"href":"https:\/\/www.kulturkreis-wachtendonk.de\/cms\/wp-json\/wp\/v2\/comments?post=10028"}],"version-history":[{"count":18,"href":"https:\/\/www.kulturkreis-wachtendonk.de\/cms\/wp-json\/wp\/v2\/posts\/10028\/revisions"}],"predecessor-version":[{"id":10513,"href":"https:\/\/www.kulturkreis-wachtendonk.de\/cms\/wp-json\/wp\/v2\/posts\/10028\/revisions\/10513"}],"wp:attachment":[{"href":"https:\/\/www.kulturkreis-wachtendonk.de\/cms\/wp-json\/wp\/v2\/media?parent=10028"}],"wp:term":[{"taxonomy":"category","embeddable":true,"href":"https:\/\/www.kulturkreis-wachtendonk.de\/cms\/wp-json\/wp\/v2\/categories?post=10028"},{"taxonomy":"post_tag","embeddable":true,"href":"https:\/\/www.kulturkreis-wachtendonk.de\/cms\/wp-json\/wp\/v2\/tags?post=10028"}],"curies":[{"name":"wp","href":"https:\/\/api.w.org\/{rel}","templated":true}]}}